{"id":23630,"date":"2026-03-27T09:49:40","date_gmt":"2026-03-27T08:49:40","guid":{"rendered":"https:\/\/serbenidorm.daliisolutions.com\/index.php\/2026\/03\/27\/fin-de-semana-de-altura-con-la-subida-al-bali-y-el-km-vertical-del-puig-campana\/"},"modified":"2026-03-27T09:49:40","modified_gmt":"2026-03-27T08:49:40","slug":"fin-de-semana-de-altura-con-la-subida-al-bali-y-el-km-vertical-del-puig-campana","status":"publish","type":"post","link":"https:\/\/serbenidorm.daliisolutions.com\/index.php\/2026\/03\/27\/fin-de-semana-de-altura-con-la-subida-al-bali-y-el-km-vertical-del-puig-campana\/","title":{"rendered":"Fin de semana de altura con la Subida al Bali y el KM Vertical del Puig Campana"},"content":{"rendered":" <p>La Marina Baixa afronta un fin de semana marcado en rojo para los amantes de los retos de altura con la doble cita que nos dejar\u00e1 la Subida al Bali (s\u00e1bado), que llega a su vig\u00e9sima edici\u00f3n, y el Kil\u00f3metro Vertical del Puig Campana (domingo).<\/p>  <p>Algunos atletas, como es el caso del campe\u00f3n alteano \u00c1ngel L\u00f3pez Amor, no s\u00f3lo partir\u00e1n como favoritos al triunfo, sino que lo har\u00e1n en las dos pruebas, completando as\u00ed un agotador doblete que les llevar\u00e1 a medirse a los casi mil escalones del hotel m\u00e1s alto de Europa y, apenas 24 horas m\u00e1s tarde, a las laderas de la \u00fanica monta\u00f1a de la Comunitat Valenciana que, como ha explicado Romualdo Dom\u00e9nech, su organizador, permite la disputa de un kil\u00f3metro vertical.<\/p>  <p>En el caso de la subida al Hotel Bali, la prueba lleva ya varias ediciones incluida en el circuito mundial; pero tambi\u00e9n sigue fiel a sus or\u00edgenes y, adem\u00e1s de las carreras \u00e9lite y open, tiene programadas las espec\u00edficas para bomberos, destacando en ellas la espectacular modalidad de subida con el equipo de intervenci\u00f3n completo que, como ha desvelado su organizador (y bombero en activo) Miquel Tortosa, alcanza un peso de 25 kilos.<\/p>  <p>Apenas 48 horas antes del arranque de la primera de las dos citas, SER Deportivos Marina Baixa ha reunido en las instalaciones del Casino Mediterr\u00e1neo de La Vila Joiosa a Amor, Dom\u00e9nech, Tortosa y al bombero (y atleta) benidormense Xomi Segu\u00ed. <\/p>  <p>Todos ellos han explicado, desde su rol espec\u00edfico, c\u00f3mo afrontan el reto de organizar o participar en dos pruebas de aut\u00e9ntica altura.<\/p> ","protected":false},"excerpt":{"rendered":"<p>Organizadores y atletas de las dos pruebas comparten sus experiencias en un programa especial de SER Deportivos Marina Baixa<\/p>\n","protected":false},"author":0,"featured_media":23631,"comment_status":"","ping_status":"open","sticky":false,"template":"","format":"standard","meta":{"_acf_changed":false,"footnotes":""},"categories":[16],"tags":[],"class_list":["post-23630","post","type-post","status-publish","format-standard","has-post-thumbnail","hentry","category-deportes"],"acf":{"ser_id":"JD66CLH44FAFHAWYBWW53IRRGE","ser_url":"https:\/\/cadenaser.com\/comunitat-valenciana\/2026\/03\/27\/fin-de-semana-de-altura-con-la-subida-al-bali-y-el-km-vertical-del-puig-campana-radio-benidorm\/"},"_links":{"self":[{"href":"https:\/\/serbenidorm.daliisolutions.com\/index.php\/wp-json\/wp\/v2\/posts\/23630","targetHints":{"allow":["GET"]}}],"collection":[{"href":"https:\/\/serbenidorm.daliisolutions.com\/index.php\/wp-json\/wp\/v2\/posts"}],"about":[{"href":"https:\/\/serbenidorm.daliisolutions.com\/index.php\/wp-json\/wp\/v2\/types\/post"}],"replies":[{"embeddable":true,"href":"https:\/\/serbenidorm.daliisolutions.com\/index.php\/wp-json\/wp\/v2\/comments?post=23630"}],"version-history":[{"count":0,"href":"https:\/\/serbenidorm.daliisolutions.com\/index.php\/wp-json\/wp\/v2\/posts\/23630\/revisions"}],"wp:featuredmedia":[{"embeddable":true,"href":"https:\/\/serbenidorm.daliisolutions.com\/index.php\/wp-json\/wp\/v2\/media\/23631"}],"wp:attachment":[{"href":"https:\/\/serbenidorm.daliisolutions.com\/index.php\/wp-json\/wp\/v2\/media?parent=23630"}],"wp:term":[{"taxonomy":"category","embeddable":true,"href":"https:\/\/serbenidorm.daliisolutions.com\/index.php\/wp-json\/wp\/v2\/categories?post=23630"},{"taxonomy":"post_tag","embeddable":true,"href":"https:\/\/serbenidorm.daliisolutions.com\/index.php\/wp-json\/wp\/v2\/tags?post=23630"}],"curies":[{"name":"wp","href":"https:\/\/api.w.org\/{rel}","templated":true}]}}