{"id":23634,"date":"2026-03-27T11:05:05","date_gmt":"2026-03-27T10:05:05","guid":{"rendered":"https:\/\/serbenidorm.daliisolutions.com\/index.php\/2026\/03\/27\/servigroup-y-el-voley-playa-poniente-renuevan-su-alianza-por-noveno-ano\/"},"modified":"2026-03-27T11:05:05","modified_gmt":"2026-03-27T10:05:05","slug":"servigroup-y-el-voley-playa-poniente-renuevan-su-alianza-por-noveno-ano","status":"publish","type":"post","link":"https:\/\/serbenidorm.daliisolutions.com\/index.php\/2026\/03\/27\/servigroup-y-el-voley-playa-poniente-renuevan-su-alianza-por-noveno-ano\/","title":{"rendered":"Servigroup y el V\u00f3ley Playa Poniente renuevan su alianza por noveno a\u00f1o"},"content":{"rendered":" <p>El v\u00ednculo entre el deporte y el sector tur\u00edstico vuelve a fortalecerse en Benidorm. Hoteles Servigroup y el Club V\u00f3ley Playa Poniente Benidorm han renovado su convenio de colaboraci\u00f3n y patrocinio por noveno a\u00f1o consecutivo, consolidando una alianza clave para el desarrollo del v\u00f3ley playa en la ciudad.<\/p>  <p>El acto de firma cont\u00f3 con la presencia del presidente del club, Ra\u00fal Mesa, ol\u00edmpico en los Juegos de Pek\u00edn 2008, y de Natalia Caball\u00e9, directora de Imagen Corporativa y Relaciones Institucionales de la cadena hotelera.<\/p>  <p>Gracias a este acuerdo, Hoteles Servigroup continuar\u00e1 como principal patrocinador del club, respaldando tanto a los equipos absolutos como a la cantera. Bajo la denominaci\u00f3n Servigroup Poniente Benidorm competir\u00e1n los conjuntos masculino y femenino en la m\u00e1xima categor\u00eda nacional, as\u00ed como los equipos Sub-21, Sub-19, Sub-17 y Sub-15.<\/p>  <p>Este respaldo garantiza la continuidad del proyecto deportivo y la formaci\u00f3n de nuevas generaciones de jugadores en una disciplina que ha crecido notablemente en la ciudad en los \u00faltimos a\u00f1os.<\/p>  <p>Uno de los puntos destacados del acuerdo es la continuidad del equipo masculino en competiciones internacionales, como la Copa de Europa, donde seguir\u00e1 representando a Benidorm y a su patrocinador en distintos escenarios del continente.<\/p>  <p>Esta proyecci\u00f3n refuerza la imagen de la ciudad como destino vinculado al deporte y al turismo activo.<\/p>  <p>Desde Hoteles Servigroup han subrayado que el apoyo al deporte forma parte de su filosof\u00eda empresarial, apostando por integrar experiencias deportivas, culturales y gastron\u00f3micas en su oferta tur\u00edstica.<\/p>  <p>Por su parte, Ra\u00fal Mesa ha destacado el compromiso de la familia Caball\u00e9 con el deporte durante m\u00e1s de cuatro d\u00e9cadas, agradeciendo la confianza depositada en el club y mostrando su deseo de seguir logrando \u00e9xitos deportivos que lleven el nombre de Benidorm y de su patrocinador a nivel nacional e internacional.<\/p>  <p>Con esta renovaci\u00f3n, Benidorm refuerza su posicionamiento como destino deportivo de referencia, donde la colaboraci\u00f3n entre entidades privadas y clubes locales se convierte en motor de crecimiento y promoci\u00f3n.<\/p> ","protected":false},"excerpt":{"rendered":"<p>El acuerdo consolida el crecimiento del v\u00f3ley playa en Benidorm y refuerza la conexi\u00f3n entre deporte y turismo<\/p>\n","protected":false},"author":0,"featured_media":23635,"comment_status":"","ping_status":"open","sticky":false,"template":"","format":"standard","meta":{"_acf_changed":false,"footnotes":""},"categories":[16],"tags":[],"class_list":["post-23634","post","type-post","status-publish","format-standard","has-post-thumbnail","hentry","category-deportes"],"acf":{"ser_id":"V3SCYDWVIVG7LKYZJZOFY7PDBQ","ser_url":"https:\/\/cadenaser.com\/comunitat-valenciana\/2026\/03\/27\/servigroup-y-el-voley-playa-poniente-renuevan-su-alianza-por-noveno-ano-radio-benidorm\/"},"_links":{"self":[{"href":"https:\/\/serbenidorm.daliisolutions.com\/index.php\/wp-json\/wp\/v2\/posts\/23634","targetHints":{"allow":["GET"]}}],"collection":[{"href":"https:\/\/serbenidorm.daliisolutions.com\/index.php\/wp-json\/wp\/v2\/posts"}],"about":[{"href":"https:\/\/serbenidorm.daliisolutions.com\/index.php\/wp-json\/wp\/v2\/types\/post"}],"replies":[{"embeddable":true,"href":"https:\/\/serbenidorm.daliisolutions.com\/index.php\/wp-json\/wp\/v2\/comments?post=23634"}],"version-history":[{"count":0,"href":"https:\/\/serbenidorm.daliisolutions.com\/index.php\/wp-json\/wp\/v2\/posts\/23634\/revisions"}],"wp:featuredmedia":[{"embeddable":true,"href":"https:\/\/serbenidorm.daliisolutions.com\/index.php\/wp-json\/wp\/v2\/media\/23635"}],"wp:attachment":[{"href":"https:\/\/serbenidorm.daliisolutions.com\/index.php\/wp-json\/wp\/v2\/media?parent=23634"}],"wp:term":[{"taxonomy":"category","embeddable":true,"href":"https:\/\/serbenidorm.daliisolutions.com\/index.php\/wp-json\/wp\/v2\/categories?post=23634"},{"taxonomy":"post_tag","embeddable":true,"href":"https:\/\/serbenidorm.daliisolutions.com\/index.php\/wp-json\/wp\/v2\/tags?post=23634"}],"curies":[{"name":"wp","href":"https:\/\/api.w.org\/{rel}","templated":true}]}}