{"id":23641,"date":"2026-03-27T13:09:02","date_gmt":"2026-03-27T12:09:02","guid":{"rendered":"https:\/\/serbenidorm.daliisolutions.com\/index.php\/2026\/03\/27\/benidorm-mantiene-el-tipo-esta-semana-santa-segun-las-primeras-previsiones-hoteleras\/"},"modified":"2026-03-27T13:09:02","modified_gmt":"2026-03-27T12:09:02","slug":"benidorm-mantiene-el-tipo-esta-semana-santa-segun-las-primeras-previsiones-hoteleras","status":"publish","type":"post","link":"https:\/\/serbenidorm.daliisolutions.com\/index.php\/2026\/03\/27\/benidorm-mantiene-el-tipo-esta-semana-santa-segun-las-primeras-previsiones-hoteleras\/","title":{"rendered":"Benidorm mantiene el tipo esta Semana Santa seg\u00fan las primeras previsiones hoteleras"},"content":{"rendered":" <p>Benidorm va a arrancar la Semana Santa con la previsi\u00f3n de volver a estar entre los destinos tur\u00edsticos m\u00e1s demandados de la Comunitat Valenciana. Seg\u00fan los datos de la patronal HOSBEC la ciudad roza ya el 80% de ocupaci\u00f3n hotelera confirmada.<\/p>  <p>El sector asegura afrontar estas fechas con estabilidad y dentro de los par\u00e1metros habituales, pese a que el calendario ha adelantado la festividad a finales de marzo y principios de abril. De hecho, de cara a los d\u00edas festivos la cifra de ocupaci\u00f3n se aproxima ya al 82%.<\/p>  <p>De cara a los pr\u00f3ximos d\u00edas las previsiones meteorol\u00f3gicas han anticipado un tiempo estable, seco y con temperaturas cercanas a los 20 grados, lo que <a href=\"https:\/\/cadenaser.com\/tag\/benidorm\/a\/\" target=\"_blank\" rel=\"nofollow\" title=\"https:\/\/cadenaser.com\/tag\/benidorm\/a\/\">HOSBEC considera que favorecer\u00e1 las escapadas de \u00faltima hora<\/a> e incrementar\u00e1 el nivel de reservas. <\/p>  <p>Este impulso llegar\u00e1 principalmente del turismo nacional de proximidad, que suele reaccionar r\u00e1pidamente ante condiciones favorables, seg\u00fan ha explicado la secretaria general de la patronal Nuria Montes.<\/p>  <p>Benidorm tambi\u00e9n se beneficia del buen comportamiento del mercado internacional, que ha mantenido su fortaleza con una alta disponibilidad de vuelos ya comercializados. Con este escenario la capital tur\u00edstica mantiene el tipo a la espera de una nueva actualizaci\u00f3n de datos que se conocer\u00e1 en los pr\u00f3ximos d\u00edas.<\/p> ","protected":false},"excerpt":{"rendered":"<p>La ocupaci\u00f3n roza el 80%, cifra similar a la del a\u00f1o pasado<\/p>\n","protected":false},"author":0,"featured_media":23642,"comment_status":"","ping_status":"open","sticky":false,"template":"","format":"standard","meta":{"_acf_changed":false,"footnotes":""},"categories":[1],"tags":[],"class_list":["post-23641","post","type-post","status-publish","format-standard","has-post-thumbnail","hentry","category-sin-categoria"],"acf":{"ser_id":"EPROTLNQAJAQ3BFPU5MUNGBNWU","ser_url":"https:\/\/cadenaser.com\/comunitat-valenciana\/2026\/03\/27\/benidorm-mantiene-el-tipo-esta-semana-santa-segun-las-primeras-previsiones-hoteleras-radio-benidorm\/"},"_links":{"self":[{"href":"https:\/\/serbenidorm.daliisolutions.com\/index.php\/wp-json\/wp\/v2\/posts\/23641","targetHints":{"allow":["GET"]}}],"collection":[{"href":"https:\/\/serbenidorm.daliisolutions.com\/index.php\/wp-json\/wp\/v2\/posts"}],"about":[{"href":"https:\/\/serbenidorm.daliisolutions.com\/index.php\/wp-json\/wp\/v2\/types\/post"}],"replies":[{"embeddable":true,"href":"https:\/\/serbenidorm.daliisolutions.com\/index.php\/wp-json\/wp\/v2\/comments?post=23641"}],"version-history":[{"count":0,"href":"https:\/\/serbenidorm.daliisolutions.com\/index.php\/wp-json\/wp\/v2\/posts\/23641\/revisions"}],"wp:featuredmedia":[{"embeddable":true,"href":"https:\/\/serbenidorm.daliisolutions.com\/index.php\/wp-json\/wp\/v2\/media\/23642"}],"wp:attachment":[{"href":"https:\/\/serbenidorm.daliisolutions.com\/index.php\/wp-json\/wp\/v2\/media?parent=23641"}],"wp:term":[{"taxonomy":"category","embeddable":true,"href":"https:\/\/serbenidorm.daliisolutions.com\/index.php\/wp-json\/wp\/v2\/categories?post=23641"},{"taxonomy":"post_tag","embeddable":true,"href":"https:\/\/serbenidorm.daliisolutions.com\/index.php\/wp-json\/wp\/v2\/tags?post=23641"}],"curies":[{"name":"wp","href":"https:\/\/api.w.org\/{rel}","templated":true}]}}