{"id":23647,"date":"2026-03-27T14:18:42","date_gmt":"2026-03-27T13:18:42","guid":{"rendered":"https:\/\/serbenidorm.daliisolutions.com\/index.php\/2026\/03\/27\/el-c-f-benidorm-busca-recuperar-el-liderato-ante-el-torrevieja\/"},"modified":"2026-03-27T14:18:42","modified_gmt":"2026-03-27T13:18:42","slug":"el-c-f-benidorm-busca-recuperar-el-liderato-ante-el-torrevieja","status":"publish","type":"post","link":"https:\/\/serbenidorm.daliisolutions.com\/index.php\/2026\/03\/27\/el-c-f-benidorm-busca-recuperar-el-liderato-ante-el-torrevieja\/","title":{"rendered":"El C.F. Benidorm busca recuperar el liderato ante el Torrevieja"},"content":{"rendered":" <p>El fin de semana llega con una agenda futbolera muy cargada para los equipos y aficionados de Benidorm y del resto de la Marina Baixa ya que, a los partidos ligueros de sus dos principales exponentes, el C.F. Benidorm y el C.F. La Nuc\u00eda, se une la segunda jornada del triangular que las selecciones nacionales Sub-19 de Espa\u00f1a, Finlandia, Eslovenia y Pa\u00edses Bajos est\u00e1n disputando en la comarca para lograr la clasificaci\u00f3n para el Europeo del pr\u00f3ximo verano en Gales.<\/p>  <p>Tras la victoria lograda en el estadio benidormense el pasado mi\u00e9rcoles por 4-0 ante Eslovenia, La Roja Sub-19 regresar\u00e1 a ese mismo escenario ma\u00f1ana s\u00e1bado (18:00 horas) para v\u00e9rselas con Finlandia en un partido en el que, en caso victoria y de que Pa\u00edses Bajos caiga ante los eslovenos, la clasificaci\u00f3n para el Europeo de Gales ser\u00e1 ya matem\u00e1tica. En caso contrario, todo quedar\u00e1 en el aire a la espera de que el martes, tambi\u00e9n en el Guillermo Amor, Espa\u00f1a y Pa\u00edses Bajos se lo jueguen todo a una carta.<\/p>  <p>En lo que a las competiciones de los equipos de la Marina Baixa se refiere, el C.F. Benidorm visitar\u00e1 ma\u00f1ana s\u00e1bado (17:00 horas) el campo del Torrevieja, tercer clasificado, en un partido important\u00edsimo para los de Javier Vidales, que deber\u00e1n sumar los tres puntos y, a su vez, esperar un tropiezo del Eldense B (que visita al Calpe) para recuperar el liderato y, con ello, encaramarse a la \u00fanica plaza que da el ascenso directo a la Tercera RFEF.<\/p>  <p>En esa categor\u00eda, en la Tercera RFEF, La Nuc\u00eda vuelve al Camilo Cano este domingo (17:00 horas) para v\u00e9rselas con el Ontinyent en un choque en el que los de Vicente Mir tienen una gran oportunidad para seguir asent\u00e1ndose en la zona de play-off de ascenso.<\/p>  <p>En una segunda vuelta para enmarcar, los rojillos han sumado 26 de los 36 puntos posibles (siete victorias, cinco empates y ninguna derrota) dejando ya muy atr\u00e1s el peligro de los puestos de descenso y coloc\u00e1ndose, desde la pasada semana, en ese top-5 con los mismo puntos que Villarreal C (cuarto clasificado) y el propio Ontinyent, sexto.<\/p>  <p>El duelo de este domingo ser\u00e1, por lo tanto, un important\u00edsimo punto de inflexi\u00f3n para los de Vicente Mir ya que, con solo siete partidos por delante, cada ventaja que se alcance desde ahora, por m\u00ednima que esta sea, podr\u00eda acabar siendo definitiva.<\/p> ","protected":false},"excerpt":{"rendered":"<p>Por su parte, el C.F. La Nuc\u00eda tratar\u00e1 de afianzarse en la zona de play-off de ascenso superando al Ontinyent en casa | La Roja Sub-19 podr\u00eda dejar cerrada en el Guillermo Amor la clasificaci\u00f3n para el Europeo<\/p>\n","protected":false},"author":0,"featured_media":23648,"comment_status":"","ping_status":"open","sticky":false,"template":"","format":"standard","meta":{"_acf_changed":false,"footnotes":""},"categories":[16],"tags":[],"class_list":["post-23647","post","type-post","status-publish","format-standard","has-post-thumbnail","hentry","category-deportes"],"acf":{"ser_id":"ILWGN36FF5EQ3PWNWLAKMYVBLM","ser_url":"https:\/\/cadenaser.com\/comunitat-valenciana\/2026\/03\/27\/el-cf-benidorm-busca-recuperar-el-liderato-ante-el-torrevieja-radio-benidorm\/"},"_links":{"self":[{"href":"https:\/\/serbenidorm.daliisolutions.com\/index.php\/wp-json\/wp\/v2\/posts\/23647","targetHints":{"allow":["GET"]}}],"collection":[{"href":"https:\/\/serbenidorm.daliisolutions.com\/index.php\/wp-json\/wp\/v2\/posts"}],"about":[{"href":"https:\/\/serbenidorm.daliisolutions.com\/index.php\/wp-json\/wp\/v2\/types\/post"}],"replies":[{"embeddable":true,"href":"https:\/\/serbenidorm.daliisolutions.com\/index.php\/wp-json\/wp\/v2\/comments?post=23647"}],"version-history":[{"count":0,"href":"https:\/\/serbenidorm.daliisolutions.com\/index.php\/wp-json\/wp\/v2\/posts\/23647\/revisions"}],"wp:featuredmedia":[{"embeddable":true,"href":"https:\/\/serbenidorm.daliisolutions.com\/index.php\/wp-json\/wp\/v2\/media\/23648"}],"wp:attachment":[{"href":"https:\/\/serbenidorm.daliisolutions.com\/index.php\/wp-json\/wp\/v2\/media?parent=23647"}],"wp:term":[{"taxonomy":"category","embeddable":true,"href":"https:\/\/serbenidorm.daliisolutions.com\/index.php\/wp-json\/wp\/v2\/categories?post=23647"},{"taxonomy":"post_tag","embeddable":true,"href":"https:\/\/serbenidorm.daliisolutions.com\/index.php\/wp-json\/wp\/v2\/tags?post=23647"}],"curies":[{"name":"wp","href":"https:\/\/api.w.org\/{rel}","templated":true}]}}