{"id":23649,"date":"2026-03-27T14:26:03","date_gmt":"2026-03-27T13:26:03","guid":{"rendered":"https:\/\/serbenidorm.daliisolutions.com\/index.php\/2026\/03\/27\/anabel-alonso-en-la-mujer-rota-me-quede-en-blanco-total-y-tuve-que-salir-de-escena-a-por-una-manta-nadie-lo-noto\/"},"modified":"2026-03-27T14:26:03","modified_gmt":"2026-03-27T13:26:03","slug":"anabel-alonso-en-la-mujer-rota-me-quede-en-blanco-total-y-tuve-que-salir-de-escena-a-por-una-manta-nadie-lo-noto","status":"publish","type":"post","link":"https:\/\/serbenidorm.daliisolutions.com\/index.php\/2026\/03\/27\/anabel-alonso-en-la-mujer-rota-me-quede-en-blanco-total-y-tuve-que-salir-de-escena-a-por-una-manta-nadie-lo-noto\/","title":{"rendered":"Anabel Alonso en \u2018La mujer rota\u2019: \u201cMe quede en blanco total y tuve que salir de escena a por una manta\u2026 nadie lo not\u00f3\u201d"},"content":{"rendered":" <p>En el D\u00eda Mundial del Teatro,<a href=\"https:\/\/cadenaser.com\/comunitat-valenciana\/2026\/03\/03\/anabel-alonso-pi-dhonor-2026-en-la-mostra-de-teatre-de-lalfas-radio-benidorm\/\" target=\"_blank\" rel=\"nofollow\" title=\"https:\/\/cadenaser.com\/comunitat-valenciana\/2026\/03\/03\/anabel-alonso-pi-dhonor-2026-en-la-mostra-de-teatre-de-lalfas-radio-benidorm\/\"> Anabel Alonso<\/a> visita <a href=\"https:\/\/radiobenidorm.es\" target=\"_blank\" rel=\"nofollow\" title=\"https:\/\/radiobenidorm.es\">Hoy por Hoy Benidorm <\/a>para hablar de \u2018<i>La mujer rota\u2019<\/i>, un intenso mon\u00f3logo basado en el texto de Simone de Beauvoir. Sobre el escenario Alonso encarna a Murielle, una mujer atrapada entre el insomnio, los recuerdos y una vida que siente desmoronarse. <\/p>  <p>La actriz escenificar\u00e1 `La mujer rota&#8217; este domingo como clausura de la <a href=\"https:\/\/cadenaser.com\/comunitat-valenciana\/2026\/03\/09\/arranca-la-xxiv-mostra-de-teatre-de-lalfas-del-pi-radio-benidorm\/\" target=\"_blank\" rel=\"nofollow\" title=\"https:\/\/cadenaser.com\/comunitat-valenciana\/2026\/03\/09\/arranca-la-xxiv-mostra-de-teatre-de-lalfas-del-pi-radio-benidorm\/\">XXIV Mostra de Teatre de L&#8217;Alf\u00e0s del Pi<\/a> y, tras la funci\u00f3n, recibir\u00e1 el Pi d&#8217;Honor, m\u00e1ximo galard\u00f3n que entrega el certamen.<\/p>  <p>\u201cEs una mujer rota, enfadada con el mundo y que exige su lugar en \u00e9l\u201d, resume la actriz, que reconoce que lo que m\u00e1s le atrap\u00f3 fue la fuerza literaria del texto y el reto de llevar por primera vez a escena una obra concebida originalmente para la lectura. Un viaje emocional sin filtros, donde el personaje se muestra tal cual piensa, sin concesiones.<\/p>  <p>El montaje, adem\u00e1s, supone un importante desaf\u00edo interpretativo. Alonso confiesa que la intensidad es constante desde el primer instante: \u201cSalgo como un toro desde el toril, sin respiro, desde el minuto cero\u201d. Una exigencia no solo emocional, sino tambi\u00e9n f\u00edsica y mental, marcada por un texto lleno de repeticiones y pensamientos en bucle que imitan el funcionamiento real de la mente.<\/p>  <p>Sobre la vigencia del discurso de Beauvoir, la actriz es clara: \u201cHemos avanzado, pero seguimos arrastrando siglos de desigualdad\u201d. En ese sentido, destaca c\u00f3mo el conflicto interno del personaje, especialmente en relaci\u00f3n con el papel de la mujer, sigue resonando en la sociedad actual.<\/p>  <p>A lo largo de la conversaci\u00f3n, Alonso tambi\u00e9n deja espacio para el humor y recuerda una de sus an\u00e9cdotas m\u00e1s surrealistas sobre las tablas: un olvido total del texto en plena funci\u00f3n. \u201cMe qued\u00e9 en blanco nuclear. Tuve que salir un momento de escena para que me soplaran por d\u00f3nde iba y volv\u00ed a entrar con una manta como si nada. El p\u00fablico pens\u00f3 que era parte de la obra\u201d, cuenta entre risas.<\/p>  <p>El Pi d\u2019Honor que recibir\u00e1 en L\u2019Alf\u00e0s del Pi llega, seg\u00fan explica, en un momento ideal de su carrera: \u201cEs un est\u00edmulo para seguir, no un cierre\u201d. Tras m\u00e1s de cuatro d\u00e9cadas sobre los escenarios, la actriz sigue reivindicando el teatro como un espacio de riesgo, verdad y conexi\u00f3n directa con el p\u00fablico.<\/p>  <p>De cara a la funci\u00f3n del domingo, Alonso lo tiene claro: espera que el p\u00fablico no solo disfrute, sino que tambi\u00e9n reflexione y, sobre todo, que quienes a\u00fan no han descubierto el teatro lo hagan. \u201cNo hay nada comparable a lo que ocurre en directo\u201d, afirma, reafirmando su pasi\u00f3n intacta por las tablas.<\/p> ","protected":false},"excerpt":{"rendered":"<p>La actriz clausura este domingo la Mostra de Teatre de L&#8217;Alf\u00e0s del Pi, donde adem\u00e1s recibir\u00e1 el Pi d\u2019Honor<\/p>\n","protected":false},"author":0,"featured_media":23650,"comment_status":"","ping_status":"open","sticky":false,"template":"","format":"standard","meta":{"_acf_changed":false,"footnotes":""},"categories":[1],"tags":[],"class_list":["post-23649","post","type-post","status-publish","format-standard","has-post-thumbnail","hentry","category-sin-categoria"],"acf":{"ser_id":"IV3M2WUJU5CCDDO4R26VH3S6SI","ser_url":"https:\/\/cadenaser.com\/comunitat-valenciana\/2026\/03\/27\/anabel-alonso-en-la-mujer-rota-me-quede-en-blanco-total-y-tuve-que-salir-de-escena-a-por-una-manta-nadie-lo-noto-radio-benidorm\/"},"_links":{"self":[{"href":"https:\/\/serbenidorm.daliisolutions.com\/index.php\/wp-json\/wp\/v2\/posts\/23649","targetHints":{"allow":["GET"]}}],"collection":[{"href":"https:\/\/serbenidorm.daliisolutions.com\/index.php\/wp-json\/wp\/v2\/posts"}],"about":[{"href":"https:\/\/serbenidorm.daliisolutions.com\/index.php\/wp-json\/wp\/v2\/types\/post"}],"replies":[{"embeddable":true,"href":"https:\/\/serbenidorm.daliisolutions.com\/index.php\/wp-json\/wp\/v2\/comments?post=23649"}],"version-history":[{"count":0,"href":"https:\/\/serbenidorm.daliisolutions.com\/index.php\/wp-json\/wp\/v2\/posts\/23649\/revisions"}],"wp:featuredmedia":[{"embeddable":true,"href":"https:\/\/serbenidorm.daliisolutions.com\/index.php\/wp-json\/wp\/v2\/media\/23650"}],"wp:attachment":[{"href":"https:\/\/serbenidorm.daliisolutions.com\/index.php\/wp-json\/wp\/v2\/media?parent=23649"}],"wp:term":[{"taxonomy":"category","embeddable":true,"href":"https:\/\/serbenidorm.daliisolutions.com\/index.php\/wp-json\/wp\/v2\/categories?post=23649"},{"taxonomy":"post_tag","embeddable":true,"href":"https:\/\/serbenidorm.daliisolutions.com\/index.php\/wp-json\/wp\/v2\/tags?post=23649"}],"curies":[{"name":"wp","href":"https:\/\/api.w.org\/{rel}","templated":true}]}}