{"id":2367,"date":"2024-02-14T13:32:12","date_gmt":"2024-02-14T12:32:12","guid":{"rendered":"https:\/\/serbenidorm.daliisolutions.com\/index.php\/2024\/02\/14\/conoce-a-los-ganadores-de-la-ii-edicion-de-los-premios-radio-benidorm\/"},"modified":"2024-02-14T13:32:12","modified_gmt":"2024-02-14T12:32:12","slug":"conoce-a-los-ganadores-de-la-ii-edicion-de-los-premios-radio-benidorm","status":"publish","type":"post","link":"https:\/\/serbenidorm.daliisolutions.com\/index.php\/2024\/02\/14\/conoce-a-los-ganadores-de-la-ii-edicion-de-los-premios-radio-benidorm\/","title":{"rendered":"Conoce a los ganadores de la II Edici\u00f3n de los Premios Radio Benidorm"},"content":{"rendered":"  <p>Benidorm<\/p>   <p>Este mi\u00e9rcoles, en el marco de la semana en la que celebramos el D\u00eda Mundial de la Radio, <a href=\"https:\/\/cadenaser.com\/radio-benidorm\/\" target=\"_blank\" rel=\"noopener\">Radio Benidorm Cadena SER<\/a> ha dado a conocer la lista oficial de personas, empresas o colectivos que el pr\u00f3ximo mi\u00e9rcoles 6 de marzo ser\u00e1n distinguidos durante la gala de la <a href=\"https:\/\/cadenaser.com\/tag\/comarca_la_marina_baixa\/a\/\" target=\"_blank\" rel=\"noopener\">II Edici\u00f3n de los Premios Radio Benidorm<\/a>.<\/p>  <p><p>M\u00e1s informaci\u00f3n<\/p><figure><img decoding=\"async\" src=\"https:\/\/cadenaser.com\/resizer\/r1lGSzsUuZuklVpjJQyw5zsUH4w=\/650x366\/filters:quality(70)\/cloudfront-eu-central-1.images.arcpublishing.com\/prisaradio\/XOKZKR2PBZDWDHNM7N6CYKESGU.jpeg\" loading=\"lazy\" width=\"828\" height=\"621\" \/><\/figure><ul><li><a href=\"https:\/\/cadenaser.com\/comunitat-valenciana\/2024\/02\/13\/descarga-gratis-la-nueva-app-de-radio-benidorm-y-prueba-todas-las-novedades-radio-benidorm\/\">Descarga gratis la nueva app de Radio Benidorm y prueba todas las novedades<\/a><\/li><\/ul><\/p>   <p>Galardones en doce categor\u00edas distintas m\u00e1s un reconocimiento especial con los que esta casa quiere servir de \u00abnexo de uni\u00f3n del talento y el buen hacer\u00bb en nuestra comarca, como ha destacado tras el fallo el director de la emisora Baldomero Gim\u00e9nez: \u00abHay historias detr\u00e1s de los premiados que se desconocen y que hay que visibilizar para que cualquiera crea que lo puede conseguir\u00bb.<\/p>   <p>Premiados 2023<\/p>   <p><li><b>Fiesta: Fancy Dress Party<\/b><\/li><\/p>   <p>Por haber conseguido a lo largo de sus 26 ediciones un lugar protagonista en el calendario festero de Benidorm abri\u00e9ndolo al turismo internacional y congregando cada a\u00f1o a decenas de miles de personas que llegan a la ciudad expresamente para esta fiesta de disfraces en la que adem\u00e1s se implican una importante cantidad de negocios del Rinc\u00f3n de Loix. <\/p>   <p><li><b>Gastronom\u00eda: El Xato<\/b><\/li><\/p>   <p>\u00danico restaurante de la Marina Baixa con estrella Michel\u00edn, este negocio familiar y centenario que reivindica la gastronom\u00eda local es un embajador insustituible del valor culinario de nuestra comarca. Reinventando el recetario m\u00e1s tradicional y elev\u00e1ndolo a los m\u00e1s altos est\u00e1ndares de la cocina de vanguardia, ha recibido el Premio Nacional de Gastronom\u00eda y es ejemplo e inspiraci\u00f3n de los cocineros emergentes de toda la regi\u00f3n.<\/p>   <p><li><b>Medio Ambiente: Grupo Ecologista Xoriguer<\/b><\/li><\/p>   <p>Por ser un referente en la defensa del medio ambiente y el ecologismo en la Marina Baixa desde mayo de 1985, cuando fue reconocido por el Ministerio del Interior. El Xoriguer ha sido activo defensor de las especies arb\u00f3reas de La Vila Joiosa y otras localidades para proteger el  patrimonio natural y el entorno. Por vigilar y denunciar agresiones contra el medio ambiente, por participar activamente en la educaci\u00f3n y  sensibilizaci\u00f3n de los j\u00f3venes, as\u00ed como por defender y evitar la tala de espec\u00edmenes de alto valor ecol\u00f3gico y patrimonial.<\/p>   <p><li><b>Sanidad: AFEM Marina Baixa<\/b><\/li><\/p>   <p>Fundada en 1997, la Asociaci\u00f3n de Familiares y personas con Enfermedades Mentales de la Marina Baixa proporciona asistencia y asesora a las personas con problemas de salud mental de la comarca y a sus familias. Su impagable labor contribuye tambi\u00e9n a desestigmatizar la enfermedad mental adoptando una nueva perspectiva y abandonando prejuicios y actitudes discriminatorias.<\/p>   <p><li><b>Educaci\u00f3n: Javier Pascual<\/b><\/li><\/p>   <p>Profesor vocacional, maestro y gu\u00eda de varias generaciones de alumnos de l\u2019Alf\u00e0s del Pi, donde ejerci\u00f3 durante d\u00e9cadas y hasta su jubilaci\u00f3n, Javier Pascual ha unido ahora sus dos pasiones, la ense\u00f1anza y el cine, en un precioso proyecto con el que se encarga de sensibilizar a alumnos, padres y profesores sobre los peligros y consecuencias del acoso escolar y la violencia en las aulas contando, en ocasiones, su propia experiencia personal para romper la barrera entre profesor y alumno consiguiendo as\u00ed despertar la empat\u00eda mutua. <\/p>   <p><li><b>Cultura: Kiko Llorca, <\/b><i><b>Kiko el fot\u00f3grafo<\/b><\/i><\/li><\/p>   <p>Kiko ha conseguido que su nombre sea sin\u00f3nimo de la propia historia de la conversi\u00f3n de Benidorm de un pueblo de marineros a gran potencia tur\u00edstica del Mediterr\u00e1neo. A trav\u00e9s del objetivo de su c\u00e1mara, ha plasmado la transformaci\u00f3n de la ciudad a lo largo de las d\u00e9cadas desde mediados del siglo pasado hasta el presente. Sus fotograf\u00edas no s\u00f3lo han ilustrado un sinf\u00edn de reportajes en medios de comunicaci\u00f3n, sino que han sido, adem\u00e1s, protagonistas de muchas exposiciones en distintos espacios culturales y conforman un fondo documental de incalculable valor para todos. <\/p>   <p><li><b>M\u00fasica: Gonzalo Devesa<\/b><\/li><\/p>   <p>Joven m\u00fasico benidorm\u00ed formado en la Uni\u00f3n Musical y el Conservatorio de Benidorm, donde obtiene el Premio Extraordinario. Es doctor Cum Laude en Arte y Produccion por la Univesrsidad Politecnica de Valencia y ha sido miembro de la Joven Orquesta Nacional de Holanda, J\u00f3ven Orquesta de Viento de la Union Europea y The World Orchestra de Juventudes Musicales. Tambi\u00e9n ha sido integrante de la Shen Yun Symphony Orchestra de Nueva York y ha realizado una publicaci\u00f3n discogr\u00e1fica grabada por Aria Classis. Forma parte del comit\u00e9 editorial del Anuario de Filosof\u00eda de la M\u00fasica. <\/p>   <p><li><b>Solidaridad: Polic\u00eda Local de Benidorm<\/b><\/li><\/p>   <p>Por la labor diaria de sus agentes para proteger a vecinos y turistas superando de manera extraordinaria sus funciones, como el a\u00f1o pasado ejemplificaron Javier Jim\u00e9nez y Jes\u00fas L\u00f3pez cuando tuvieron que asistir un parto en plena calle en ausencia de servicios m\u00e9dicos y como esta cabalgata de Reyes demostr\u00f3 fuera de servicio el oficial Luisma Rosell\u00f3 salvando la vida de un ni\u00f1o que se atragant\u00f3 con un caramelo. Menci\u00f3n especial merece tambi\u00e9n la labor de su Asociaci\u00f3n Socio Cultural.<\/p>   <p><li><b>Deporte: Felipe Orts<\/b><\/li><\/p>   <p>A sus 28 a\u00f1os, acaba de terminar la mejor temporada de su carrera deportiva y se ha convertido, por m\u00e9ritos propios, en el mejor especialista espa\u00f1ol de todos los tiempos en la, hasta su aparici\u00f3n, semi-desconocida especialidad ciclista del ciclocross. Ha sido el primer ciclista capaz de sumar seis t\u00edtulos de Campe\u00f3n de Espa\u00f1a consecutivos y tambi\u00e9n en subir al podio de algunas de las m\u00e1s importantes citas internacionales. Su \u00e9xito, adem\u00e1s, ha sido fundamental para que Benidorm haya podido acoger, ya en dos ocasiones, una prueba de la Copa del Mundo de la especialidad, el m\u00e1s importante de los eventos de este deporte.<\/p>   <p><li><b>Empresa: Hoteles Poseid\u00f3n<\/b><\/li><\/p>   <p>El hotel Poseid\u00f3n naci\u00f3 en 1973 bajo la direcci\u00f3n de Domingo Devesa, a qui\u00e9n est\u00e1 dedicado el CdT que Turisme Comunitat Valenciana tiene en Benidorm. 50 a\u00f1os despu\u00e9s la cadena liderada por su hermano Pere Joan ha crecido hasta gestionar un total de ocho hoteles enfocados desde sus or\u00edgenes al turismo familiar y la clase media europea.<\/p>   <p><li><b>Turismo: APPTUR<\/b><\/li><\/p>   <p>La asociaci\u00f3n de apartamentos tur\u00edsticos de la Comunitat Valenciana celebr\u00f3 este 2023 sus primeros 20 a\u00f1os. Dos d\u00e9cadas con sede en Benidorm y aspirando a representar a un sector que ha crecido de manera exponencial en este periodo llegando, seg\u00fan sus cifras, a representar m\u00e1s del 65 % de la actual oferta alojativa en toda la comunidad.<\/p>   <p><li><b>Efem\u00e9ride: 50 Aniversario del Doble Amor <\/b><\/li><\/p>   <p>Medio siglo lleva el Centro Doble Amor repartiendo, precisamente, eso: amor hacia personas con discapacidad intelectual, d\u00e1ndoles cari\u00f1o, educaci\u00f3n y formaci\u00f3n, incluso, laboral. Naci\u00f3 del impulso de las propias familias de los beneficiarios y ahora es una de las instituciones m\u00e1s queridas y respetadas de toda la Marina Baixa. <\/p>   <p><li><b>Especial: Cuerpo Nacional de Polic\u00eda (CNP)<\/b><\/li><\/p>   <p>Por sus dos siglos de historia y su vocaci\u00f3n de servicio en cualquier punto de la geograf\u00eda nacional, incluidos Benidorm y su comarca. Es el cuerpo estatal m\u00e1s antiguo de todas las Fuerzas y Cuerpos de Seguridad de Espa\u00f1a.<\/p>  <p><figure><img decoding=\"async\" src=\"https:\/\/cadenaser.com\/resizer\/5Qi8oB29JObw1R9auRBuos6s0dk=\/650x366\/filters:quality(70)\/cloudfront-eu-central-1.images.arcpublishing.com\/prisaradio\/XFFLVZCP5ZCJ3AD6E2UA7IPUGY.jpg\" loading=\"lazy\" width=\"240\" height=\"135\" \/><\/figure><div><a href=\"https:\/\/cadenaser.com\/comunitat-valenciana\/2023\/04\/14\/i-edicion-premios-radio-benidorm-40-anos-de-radio-40-anos-de-vida-radio-benidorm\/\">Rememora la primera edici\u00f3n de los Premios Radio Benidorm: &#8217;40 a\u00f1os de radio, 40 a\u00f1os de vida&#8217;<\/a><p><\/p><\/div><\/p> ","protected":false},"excerpt":{"rendered":"<p>La Cadena SER en la Marina Baixa vuelve a reconocer a algunas de las personas, empresas o colectivos m\u00e1s destacados en su \u00e1mbito durante el \u00faltimo a\u00f1o<\/p>\n","protected":false},"author":0,"featured_media":2368,"comment_status":"open","ping_status":"open","sticky":false,"template":"","format":"standard","meta":{"_acf_changed":false,"footnotes":""},"categories":[1],"tags":[],"class_list":["post-2367","post","type-post","status-publish","format-standard","has-post-thumbnail","hentry","category-sin-categoria"],"acf":{"ser_id":"AYAQFTKJX5AI5PQM4V74NFZQEU","ser_url":"https:\/\/cadenaser.com\/comunitat-valenciana\/2024\/02\/14\/conoce-a-los-ganadores-de-la-ii-edicion-de-los-premios-radio-benidorm-radio-benidorm\/"},"_links":{"self":[{"href":"https:\/\/serbenidorm.daliisolutions.com\/index.php\/wp-json\/wp\/v2\/posts\/2367","targetHints":{"allow":["GET"]}}],"collection":[{"href":"https:\/\/serbenidorm.daliisolutions.com\/index.php\/wp-json\/wp\/v2\/posts"}],"about":[{"href":"https:\/\/serbenidorm.daliisolutions.com\/index.php\/wp-json\/wp\/v2\/types\/post"}],"replies":[{"embeddable":true,"href":"https:\/\/serbenidorm.daliisolutions.com\/index.php\/wp-json\/wp\/v2\/comments?post=2367"}],"version-history":[{"count":0,"href":"https:\/\/serbenidorm.daliisolutions.com\/index.php\/wp-json\/wp\/v2\/posts\/2367\/revisions"}],"wp:featuredmedia":[{"embeddable":true,"href":"https:\/\/serbenidorm.daliisolutions.com\/index.php\/wp-json\/wp\/v2\/media\/2368"}],"wp:attachment":[{"href":"https:\/\/serbenidorm.daliisolutions.com\/index.php\/wp-json\/wp\/v2\/media?parent=2367"}],"wp:term":[{"taxonomy":"category","embeddable":true,"href":"https:\/\/serbenidorm.daliisolutions.com\/index.php\/wp-json\/wp\/v2\/categories?post=2367"},{"taxonomy":"post_tag","embeddable":true,"href":"https:\/\/serbenidorm.daliisolutions.com\/index.php\/wp-json\/wp\/v2\/tags?post=2367"}],"curies":[{"name":"wp","href":"https:\/\/api.w.org\/{rel}","templated":true}]}}