{"id":23675,"date":"2026-03-28T14:10:14","date_gmt":"2026-03-28T13:10:14","guid":{"rendered":"https:\/\/serbenidorm.daliisolutions.com\/index.php\/2026\/03\/28\/anabel-alonso-el-pi-dhonor-supone-un-acicate-para-seguir-adelante\/"},"modified":"2026-03-28T14:10:14","modified_gmt":"2026-03-28T13:10:14","slug":"anabel-alonso-el-pi-dhonor-supone-un-acicate-para-seguir-adelante","status":"publish","type":"post","link":"https:\/\/serbenidorm.daliisolutions.com\/index.php\/2026\/03\/28\/anabel-alonso-el-pi-dhonor-supone-un-acicate-para-seguir-adelante\/","title":{"rendered":"Anabel Alonso: \u201cEl Pi d\u2019Honor supone un acicate para seguir adelante\u201d"},"content":{"rendered":" <p>La Mostra de Teatre de l\u2019Alf\u00e0s del Pi llega este domingo a su punto final y, sin duda, el m\u00e1s emotivo con la entrega de su codiciado Pi d\u2019Honor, un galard\u00f3n que ha reca\u00eddo en esta ocasi\u00f3n en la actriz Anabel Alonso que, muy lejos de su conocid\u00edsimo registro c\u00f3mico, protagonizar\u00e1 \u2018La mujer rota\u2019, un dur\u00edsimo y denso texto original de Simone de Bouvard en el que Alonso explora su vertiente m\u00e1s dram\u00e1tica.<\/p>  <p>Apenas 24 horas antes de volver a un municipio que, ha explicado, ya conoce tras haber participado en varias ediciones de su Festival de Cine, Anabel Alonso ha pasado por los micr\u00f3fonos de Radio Benidorm-SER para reflexionar, en \u2018A Vivir Benidorm\u2019, sobre su papel de Murielle, su ya extensa carrera, la importancia del galard\u00f3n que recibir\u00e1 en la Casa de Cultura alfasina y, fiel a su compromiso con las causas que considera necesario defender, tambi\u00e9n de esa reivindicaci\u00f3n feminista que, de alguna manera, entronca con el texto de \u2018La mujer rota\u2019.<\/p>  <p>La reconocida actriz ha explicado en el programa de los fines de semana de Radio Benidorm que este salto de la comedia al drama responde, entre otras cuestiones, a su inter\u00e9s por seguir creciendo y expandiendo sus horizontes como actriz, pero que, de ning\u00fan modo, supone un adi\u00f3s a esos papeles que la han convertido en uno de los rostros m\u00e1s queridos por parte del p\u00fablico.<\/p>  <p>Agradecida con la organizaci\u00f3n de la Mostra de Teatre de l\u2019Alf\u00e0s del Pi, ha asegurado que la concesi\u00f3n del Pi d\u2019Honor, adem\u00e1s del orgullo de verse reconocida por el p\u00fablico, supone todo un aliciente para, tras m\u00e1s de dos d\u00e9cadas dedicadas a la interpretaci\u00f3n, seguir en ese camino que, entre risas, ha deseado que se prolongue, al menos, otro tanto m\u00e1s.<\/p> ","protected":false},"excerpt":{"rendered":"<p>La actriz cerrar\u00e1 este domingo la Mostra de Teatre de l\u2019Alf\u00e0s del Pi protagonizando \u2018La mujer rota\u2019<\/p>\n","protected":false},"author":0,"featured_media":23676,"comment_status":"","ping_status":"open","sticky":false,"template":"","format":"standard","meta":{"_acf_changed":false,"footnotes":""},"categories":[1],"tags":[],"class_list":["post-23675","post","type-post","status-publish","format-standard","has-post-thumbnail","hentry","category-sin-categoria"],"acf":{"ser_id":"D6622AFQ2JBJ7OACEDTOZTKUBA","ser_url":"https:\/\/cadenaser.com\/comunitat-valenciana\/2026\/03\/28\/anabel-alonso-el-pi-dhonor-supone-un-acicate-para-seguir-adelante-radio-benidorm\/"},"_links":{"self":[{"href":"https:\/\/serbenidorm.daliisolutions.com\/index.php\/wp-json\/wp\/v2\/posts\/23675","targetHints":{"allow":["GET"]}}],"collection":[{"href":"https:\/\/serbenidorm.daliisolutions.com\/index.php\/wp-json\/wp\/v2\/posts"}],"about":[{"href":"https:\/\/serbenidorm.daliisolutions.com\/index.php\/wp-json\/wp\/v2\/types\/post"}],"replies":[{"embeddable":true,"href":"https:\/\/serbenidorm.daliisolutions.com\/index.php\/wp-json\/wp\/v2\/comments?post=23675"}],"version-history":[{"count":0,"href":"https:\/\/serbenidorm.daliisolutions.com\/index.php\/wp-json\/wp\/v2\/posts\/23675\/revisions"}],"wp:featuredmedia":[{"embeddable":true,"href":"https:\/\/serbenidorm.daliisolutions.com\/index.php\/wp-json\/wp\/v2\/media\/23676"}],"wp:attachment":[{"href":"https:\/\/serbenidorm.daliisolutions.com\/index.php\/wp-json\/wp\/v2\/media?parent=23675"}],"wp:term":[{"taxonomy":"category","embeddable":true,"href":"https:\/\/serbenidorm.daliisolutions.com\/index.php\/wp-json\/wp\/v2\/categories?post=23675"},{"taxonomy":"post_tag","embeddable":true,"href":"https:\/\/serbenidorm.daliisolutions.com\/index.php\/wp-json\/wp\/v2\/tags?post=23675"}],"curies":[{"name":"wp","href":"https:\/\/api.w.org\/{rel}","templated":true}]}}