{"id":23697,"date":"2026-03-29T12:06:10","date_gmt":"2026-03-29T10:06:10","guid":{"rendered":"https:\/\/serbenidorm.daliisolutions.com\/index.php\/2026\/03\/29\/el-sporting-la-nucia-entra-en-barrena-y-no-estara-en-el-playoff-de-ascenso\/"},"modified":"2026-03-29T12:06:10","modified_gmt":"2026-03-29T10:06:10","slug":"el-sporting-la-nucia-entra-en-barrena-y-no-estara-en-el-playoff-de-ascenso","status":"publish","type":"post","link":"https:\/\/serbenidorm.daliisolutions.com\/index.php\/2026\/03\/29\/el-sporting-la-nucia-entra-en-barrena-y-no-estara-en-el-playoff-de-ascenso\/","title":{"rendered":"El Sporting La Nuc\u00eda entra en barrena y no estar\u00e1 en el playoff de ascenso"},"content":{"rendered":" <p>Tras un inicio de temporada en el que David \u2018Dada\u2019 Valverde se centr\u00f3 en el siempre arduo trabajo de hacer funcionar a un grupo tremendamente renovado con la precisi\u00f3n de una engrasada y experimentar\u00eda maquinaria de precisi\u00f3n, la segunda vuelta de la competici\u00f3n liguera en el grupo cuatro de la Segunda Divisi\u00f3n B del f\u00fatbol sala nacional hab\u00eda servido para que el Sporting La Nuc\u00eda se convirtiera en el gran rival a batir por todos y, sobre todo, en un m\u00e1s que serio aspirante a meterse a \u00faltima hora en la fiesta por las plazas de playoff de ascenso a la categor\u00eda de plata.<\/p>  <p>Sin embargo, cuando todo parec\u00eda estar saliendo de la mejor de las maneras posibles, el equipo rojillo comenz\u00f3 a dar ciertas muestras de irregularidad a mediados del mes de febrero cuando, en el d\u00eda de los enamorados, cay\u00f3 ante el Distribuci\u00f3n Moral (4-2) tras haber encadenado ocho jornadas sin conocer la derrota.<\/p>  <p>Desde entonces, el Sporting La Nuc\u00eda no levanta cabeza y tras haber ca\u00eddo este s\u00e1bado en casa ante el Torrej\u00f3n por 5-6, la barrena de los de \u2018Dada\u2019 se certifica con un dato apabullante: ha sumado s\u00f3lo cuatro de los \u00faltimos 18 puntos posibles.<\/p>  <p>Con ello, los nucieros han ca\u00eddo a la octava posici\u00f3n a ocho puntos de distancia de una playoff de ascenso que con s\u00f3lo cuatro jornadas por delante parece ya m\u00e1s que imposible.<\/p> ","protected":false},"excerpt":{"rendered":"<p>Los rojillos sufrieron ante el Torrej\u00f3n su tercera derrota consecutiva<\/p>\n","protected":false},"author":0,"featured_media":23698,"comment_status":"","ping_status":"open","sticky":false,"template":"","format":"standard","meta":{"_acf_changed":false,"footnotes":""},"categories":[16],"tags":[],"class_list":["post-23697","post","type-post","status-publish","format-standard","has-post-thumbnail","hentry","category-deportes"],"acf":{"ser_id":"GOM7NU5TSVATHMTKZYGOZYCC2U","ser_url":"https:\/\/cadenaser.com\/comunitat-valenciana\/2026\/03\/29\/el-sporting-la-nucia-entra-en-barrena-y-no-estara-en-el-playoff-de-ascenso-radio-benidorm\/"},"_links":{"self":[{"href":"https:\/\/serbenidorm.daliisolutions.com\/index.php\/wp-json\/wp\/v2\/posts\/23697","targetHints":{"allow":["GET"]}}],"collection":[{"href":"https:\/\/serbenidorm.daliisolutions.com\/index.php\/wp-json\/wp\/v2\/posts"}],"about":[{"href":"https:\/\/serbenidorm.daliisolutions.com\/index.php\/wp-json\/wp\/v2\/types\/post"}],"replies":[{"embeddable":true,"href":"https:\/\/serbenidorm.daliisolutions.com\/index.php\/wp-json\/wp\/v2\/comments?post=23697"}],"version-history":[{"count":0,"href":"https:\/\/serbenidorm.daliisolutions.com\/index.php\/wp-json\/wp\/v2\/posts\/23697\/revisions"}],"wp:featuredmedia":[{"embeddable":true,"href":"https:\/\/serbenidorm.daliisolutions.com\/index.php\/wp-json\/wp\/v2\/media\/23698"}],"wp:attachment":[{"href":"https:\/\/serbenidorm.daliisolutions.com\/index.php\/wp-json\/wp\/v2\/media?parent=23697"}],"wp:term":[{"taxonomy":"category","embeddable":true,"href":"https:\/\/serbenidorm.daliisolutions.com\/index.php\/wp-json\/wp\/v2\/categories?post=23697"},{"taxonomy":"post_tag","embeddable":true,"href":"https:\/\/serbenidorm.daliisolutions.com\/index.php\/wp-json\/wp\/v2\/tags?post=23697"}],"curies":[{"name":"wp","href":"https:\/\/api.w.org\/{rel}","templated":true}]}}