{"id":23705,"date":"2026-03-29T12:36:01","date_gmt":"2026-03-29T10:36:01","guid":{"rendered":"https:\/\/serbenidorm.daliisolutions.com\/index.php\/2026\/03\/29\/fabio-ruga-y-annemarie-wilhelm-se-imponent-en-la-subida-vertical-del-hotel-bali\/"},"modified":"2026-03-29T12:36:01","modified_gmt":"2026-03-29T10:36:01","slug":"fabio-ruga-y-annemarie-wilhelm-se-imponent-en-la-subida-vertical-del-hotel-bali","status":"publish","type":"post","link":"https:\/\/serbenidorm.daliisolutions.com\/index.php\/2026\/03\/29\/fabio-ruga-y-annemarie-wilhelm-se-imponent-en-la-subida-vertical-del-hotel-bali\/","title":{"rendered":"Fabio Ruga y Annemarie Wilhelm se imponent en la Subida Vertical del Hotel Bali"},"content":{"rendered":" <p>La XX edici\u00f3n de la Subida Vertical al Gran Hotel Bali ha vuelto a confirmar su condici\u00f3n de cita imprescindible en el calendario internacional del \u2018towerrunning\u2019. La prueba, celebrada este domingo, reuni\u00f3 a m\u00e1s de 550 deportistas de distintos pa\u00edses, consolidando su proyecci\u00f3n global y su capacidad de convocatoria.<\/p>  <p>En la categor\u00eda \u00e9lite masculina, el triunfo fue para el italiano Fabio Ruga, que repiti\u00f3 victoria tras imponerse tambi\u00e9n en la pasada edici\u00f3n. Ruga complet\u00f3 la exigente ascensi\u00f3n en un tiempo de 4 minutos y 37 segundos, demostrando su dominio en una de las pruebas m\u00e1s ic\u00f3nicas del circuito.<\/p>  <p>El podio masculino lo completaron Iv\u00e1n Vuletic, segundo con un tiempo de 4\u201943\u201d, y Emanuele Manzi, tercero con 4\u201958\u201d. La igualdad entre los mejores especialistas volvi\u00f3 a marcar una competici\u00f3n de alt\u00edsimo nivel.<\/p>  <p>En categor\u00eda femenina, la victoria fue para la austriaca Annemarie Wilhelm, que firm\u00f3 un crono de 5 minutos y 50 segundos. Tras ella, el podio lo completaron Valentina Belotti, con 5\u201956\u201d, y Kamila Chomanicova, tercera con 6\u201906\u201d.<\/p>  <p>La competici\u00f3n volvi\u00f3 a destacar por su dureza y espectacularidad. Los participantes tuvieron que afrontar los 52 pisos del edificio, con un total de 924 escalones y un desnivel de 190 metros, caracter\u00edsticas que convierten esta subida en una de las m\u00e1s exigentes del mundo.<\/p>  <p>No en vano, la prueba forma parte del circuito internacional de la Towerrunning World Association, en el que lleva nueve a\u00f1os consecutivos integrada. Adem\u00e1s, el cupo de inscripciones se complet\u00f3 con un mes de antelaci\u00f3n, reflejo del creciente inter\u00e9s que despierta.<\/p>  <p>La jornada arranc\u00f3 con la categor\u00eda de bomberos equipados, donde el vencedor fue Hutois Hutois, que logr\u00f3 un tiempo de 7\u201918\u201d. Le siguieron Carlos Tejeda y Joakin Torres, en segunda y tercera posici\u00f3n respectivamente.<\/p>  <p>Posteriormente se disput\u00f3 la categor\u00eda Open, tambi\u00e9n con victoria para Hutois, que repiti\u00f3 triunfo con un registro de 5\u201932\u201d. El podio lo completaron David Concepci\u00f3n y Sergio Olivares<\/p>  <p>La Subida Vertical al Bali contin\u00faa creciendo edici\u00f3n tras edici\u00f3n, no solo en participaci\u00f3n sino tambi\u00e9n en prestigio. La combinaci\u00f3n de exigencia f\u00edsica, espectacularidad y organizaci\u00f3n la han convertido en una de las pruebas m\u00e1s reconocidas dentro de su disciplina.<\/p> ","protected":false},"excerpt":{"rendered":"<p>M\u00e1s de 550 atletas participan en una prueba internacional ya consolidada en Benidorm<\/p>\n","protected":false},"author":0,"featured_media":23706,"comment_status":"","ping_status":"open","sticky":false,"template":"","format":"standard","meta":{"_acf_changed":false,"footnotes":""},"categories":[16],"tags":[],"class_list":["post-23705","post","type-post","status-publish","format-standard","has-post-thumbnail","hentry","category-deportes"],"acf":{"ser_id":"QRXJ3AIMKZG6VALZHXXNPYIHGU","ser_url":"https:\/\/cadenaser.com\/comunitat-valenciana\/2026\/03\/29\/fabio-ruga-y-annemarie-wilhelm-se-imponent-en-la-subida-vertical-del-hotel-bali-radio-benidorm\/"},"_links":{"self":[{"href":"https:\/\/serbenidorm.daliisolutions.com\/index.php\/wp-json\/wp\/v2\/posts\/23705","targetHints":{"allow":["GET"]}}],"collection":[{"href":"https:\/\/serbenidorm.daliisolutions.com\/index.php\/wp-json\/wp\/v2\/posts"}],"about":[{"href":"https:\/\/serbenidorm.daliisolutions.com\/index.php\/wp-json\/wp\/v2\/types\/post"}],"replies":[{"embeddable":true,"href":"https:\/\/serbenidorm.daliisolutions.com\/index.php\/wp-json\/wp\/v2\/comments?post=23705"}],"version-history":[{"count":0,"href":"https:\/\/serbenidorm.daliisolutions.com\/index.php\/wp-json\/wp\/v2\/posts\/23705\/revisions"}],"wp:featuredmedia":[{"embeddable":true,"href":"https:\/\/serbenidorm.daliisolutions.com\/index.php\/wp-json\/wp\/v2\/media\/23706"}],"wp:attachment":[{"href":"https:\/\/serbenidorm.daliisolutions.com\/index.php\/wp-json\/wp\/v2\/media?parent=23705"}],"wp:term":[{"taxonomy":"category","embeddable":true,"href":"https:\/\/serbenidorm.daliisolutions.com\/index.php\/wp-json\/wp\/v2\/categories?post=23705"},{"taxonomy":"post_tag","embeddable":true,"href":"https:\/\/serbenidorm.daliisolutions.com\/index.php\/wp-json\/wp\/v2\/tags?post=23705"}],"curies":[{"name":"wp","href":"https:\/\/api.w.org\/{rel}","templated":true}]}}