{"id":23727,"date":"2026-03-30T09:36:27","date_gmt":"2026-03-30T07:36:27","guid":{"rendered":"https:\/\/serbenidorm.daliisolutions.com\/index.php\/2026\/03\/30\/el-benidorm-es-lider-y-la-nucia-se-asienta-en-el-playoff\/"},"modified":"2026-03-30T09:36:27","modified_gmt":"2026-03-30T07:36:27","slug":"el-benidorm-es-lider-y-la-nucia-se-asienta-en-el-playoff","status":"publish","type":"post","link":"https:\/\/serbenidorm.daliisolutions.com\/index.php\/2026\/03\/30\/el-benidorm-es-lider-y-la-nucia-se-asienta-en-el-playoff\/","title":{"rendered":"El Benidorm es l\u00edder y La Nuc\u00eda se asienta en el playoff"},"content":{"rendered":" <p>El fin de semana ha sido redondo para el f\u00fatbol de la comarca de la Marina Baixa. El Benidorm, que se impuso al 1-2 al Torrevieja ha aprovechado el tropiezo del Eldense B ante el Calpe y ha regresado al liderato mientras que La Nuc\u00eda, que tambi\u00e9n sald\u00f3 con triunfo por 2-0 su choque en casa ante el Ontinyent, ha escalado hasta la cuarta plaza y se asienta de forma firme en el playoff de ascenso a falta de s\u00f3lo seis jornadas para el final de la fase regular de la competici\u00f3n liguera. Adem\u00e1s, la selecci\u00f3n espa\u00f1ola Sub-19 se impuso por 4-0 a Finlandia y est\u00e1 a un solo paso de conseguir el pasaporte al Europeo del pr\u00f3ximo verano en Gales.<\/p>  <p>Pese a la enorme juventud de su plantilla, el Benidorm ha demostrado que los l\u00f3gicos nervios que podr\u00edan aparecer en esta fase final y decisiva del curso en la Lliga Comunitat no est\u00e1n afectando a su rendimiento. Este fin de semana los de Javier Vidales ten\u00edan una prueba de fuego para demostrarlo con el partido que les llevaba hasta la cancha del Torrevieja, que llegaba tercero a este duelo fundamental, y que los benidormenses solventaron con triunfo por 1-2.<\/p>  <p>Logrados los tres puntos, s\u00f3lo quedaba esperar un tropiezo del Eldense B, el equipo que le hab\u00eda quitado el liderato al Benidorm pocas semanas antes, y esa carambola se produjo ya que el equipo del Medio Vinalop\u00f3 se estrell\u00f3 en la cancha del Calpe, que le endos\u00f3 un doloroso 4-0 que vuelve a aupar al Benidorm hasta la primera plaza (la \u00fanica que da el ascenso directo) con dos puntos de ventaja sobre su m\u00e1s inmediato perseguidor.<\/p>  <p>No menos importante era la jornada para La Nuc\u00eda, que recib\u00eda en el Camilo Cano al Ontinyent, un rival directo (ambos llegaban empatados a 45 puntos) en la lucha por lograr uno de los cuatro puestos de playoff de ascenso tras el final de la fase regular de la competici\u00f3n.<\/p>  <p>Los de Vicente Mir cumplieron y se impusieron por 2-0 y se aprovecharon, adem\u00e1s, del tropiezo del Villarreal C ante el Atl\u00e9tico Saguntino para, con esos tres nuevos puntos sumados, dar el salto hasta la cuarta posici\u00f3n de la clasificaci\u00f3n a s\u00f3lo dos puntos del tercero.<\/p>  <p>La jornada futbolera ten\u00eda, adem\u00e1s, un punto de inter\u00e9s en el Guillermo Amor de Benidorm con la disputa del partido que la selecci\u00f3n espa\u00f1ola Sub-19 deb\u00eda disputar ante Finlandia en el torneo que estos d\u00edas est\u00e1 disput\u00e1ndose en la Marina Baixa para otorgar una plaza para el pr\u00f3ximo Europeo de Gales.<\/p>  <p>Repitiendo el resultado de la primera jornada ante Eslovenia, Espa\u00f1a se impuso a los finlandeses por 4-0. Gracias a este triunfo, La Roja se jugar\u00e1 ese \u00fanico billete a Gales el pr\u00f3ximo martes (18:00 horas) ante Pa\u00edses Bajos, que gan\u00f3 a Eslovenia en Alicante por 2-1.<\/p> ","protected":false},"excerpt":{"rendered":"<p>Espa\u00f1a y Pa\u00edses Bajos se jugar\u00e1n el pase al Europeo de Gales este martes en el Guillermo Amor<\/p>\n","protected":false},"author":0,"featured_media":23728,"comment_status":"","ping_status":"open","sticky":false,"template":"","format":"standard","meta":{"_acf_changed":false,"footnotes":""},"categories":[16],"tags":[],"class_list":["post-23727","post","type-post","status-publish","format-standard","has-post-thumbnail","hentry","category-deportes"],"acf":{"ser_id":"VCPVE3SHIFGM3AYDI7YKSVTGXM","ser_url":"https:\/\/cadenaser.com\/comunitat-valenciana\/2026\/03\/30\/el-benidorm-es-lider-y-la-nucia-se-asienta-en-el-playoff-radio-benidorm\/"},"_links":{"self":[{"href":"https:\/\/serbenidorm.daliisolutions.com\/index.php\/wp-json\/wp\/v2\/posts\/23727","targetHints":{"allow":["GET"]}}],"collection":[{"href":"https:\/\/serbenidorm.daliisolutions.com\/index.php\/wp-json\/wp\/v2\/posts"}],"about":[{"href":"https:\/\/serbenidorm.daliisolutions.com\/index.php\/wp-json\/wp\/v2\/types\/post"}],"replies":[{"embeddable":true,"href":"https:\/\/serbenidorm.daliisolutions.com\/index.php\/wp-json\/wp\/v2\/comments?post=23727"}],"version-history":[{"count":0,"href":"https:\/\/serbenidorm.daliisolutions.com\/index.php\/wp-json\/wp\/v2\/posts\/23727\/revisions"}],"wp:featuredmedia":[{"embeddable":true,"href":"https:\/\/serbenidorm.daliisolutions.com\/index.php\/wp-json\/wp\/v2\/media\/23728"}],"wp:attachment":[{"href":"https:\/\/serbenidorm.daliisolutions.com\/index.php\/wp-json\/wp\/v2\/media?parent=23727"}],"wp:term":[{"taxonomy":"category","embeddable":true,"href":"https:\/\/serbenidorm.daliisolutions.com\/index.php\/wp-json\/wp\/v2\/categories?post=23727"},{"taxonomy":"post_tag","embeddable":true,"href":"https:\/\/serbenidorm.daliisolutions.com\/index.php\/wp-json\/wp\/v2\/tags?post=23727"}],"curies":[{"name":"wp","href":"https:\/\/api.w.org\/{rel}","templated":true}]}}