{"id":23733,"date":"2026-03-30T14:06:02","date_gmt":"2026-03-30T12:06:02","guid":{"rendered":"https:\/\/serbenidorm.daliisolutions.com\/index.php\/2026\/03\/30\/interior-vuelve-a-presupuestar-ocho-millones-para-la-nueva-comisaria-de-la-policia-nacional-en-benidorm\/"},"modified":"2026-03-30T14:06:02","modified_gmt":"2026-03-30T12:06:02","slug":"interior-vuelve-a-presupuestar-ocho-millones-para-la-nueva-comisaria-de-la-policia-nacional-en-benidorm","status":"publish","type":"post","link":"https:\/\/serbenidorm.daliisolutions.com\/index.php\/2026\/03\/30\/interior-vuelve-a-presupuestar-ocho-millones-para-la-nueva-comisaria-de-la-policia-nacional-en-benidorm\/","title":{"rendered":"Interior vuelve a presupuestar ocho millones para la nueva comisar\u00eda de la Polic\u00eda Nacional en Benidorm"},"content":{"rendered":" <p>El Ministerio del Interior vuelve a incluir en sus planes la construcci\u00f3n de la nueva comisar\u00eda de la Polic\u00eda Nacional en Benidorm tras a\u00f1os con el proyecto en el caj\u00f3n. <\/p>  <p>En los detalles del nuevo Plan de Infraestructuras para la Seguridad del Estado hasta 2034 se recoge una inversi\u00f3n de ocho millones de euros prevista para la nueva comisar\u00eda de la capital tur\u00edstico de la Comunitat Valenciana.<\/p>  <p><a href=\"https:\/\/cadenaser.com\/comunitat-valenciana\/2024\/06\/27\/la-nueva-comisaria-de-benidorm-tendra-que-seguir-esperando-radio-benidorm\/\" target=\"_blank\" rel=\"nofollow\" title=\"https:\/\/cadenaser.com\/comunitat-valenciana\/2024\/06\/27\/la-nueva-comisaria-de-benidorm-tendra-que-seguir-esperando-radio-benidorm\/\">Mientras el cuerpo sigue operando en una infraestructura de los a\u00f1os 70<\/a> que se qued\u00f3 peque\u00f1a hace tiempo. De hecho, el Ayuntamiento de Benidorm ya cedi\u00f3 hace siete a\u00f1os una parcela para poder levantar el nuevo cuartel.<\/p>  <p>Sobre los detalles de este nuevo plan ha preguntado precisamente en el Senado el parlamentario benidormense Agust\u00edn Almod\u00f3bar, del Partido Popular, que ha venido insistiendo en esta cuesti\u00f3n: \u00abNos preocupa como venimos reivindicando desde hace varias legislaturas\u00bb.<\/p>  <p>El senador recuerda que la comisar\u00eda ya estuvo planeada con anterioridad por Interior y despu\u00e9s fue excluida alegando falta de recursos. Adem\u00e1s, ya se contempl\u00f3 con la misma cantidad de dinero que ahora: ocho millones de euros.<\/p> ","protected":false},"excerpt":{"rendered":"<p>Misma cantidad que se contempl\u00f3 en un anterior plan del Gobierno de Espa\u00f1a y que Agust\u00edn Almod\u00f3bar (PP) recuerda que se termin\u00f3 excluyendo<\/p>\n","protected":false},"author":0,"featured_media":23734,"comment_status":"","ping_status":"open","sticky":false,"template":"","format":"standard","meta":{"_acf_changed":false,"footnotes":""},"categories":[1],"tags":[],"class_list":["post-23733","post","type-post","status-publish","format-standard","has-post-thumbnail","hentry","category-sin-categoria"],"acf":{"ser_id":"RFKQU5D5SBEXZL6Z4BSRESF25U","ser_url":"https:\/\/cadenaser.com\/comunitat-valenciana\/2026\/03\/30\/interior-vuelve-a-presupuestar-ocho-millones-para-la-nueva-comisaria-de-la-policia-nacional-en-benidorm-radio-benidorm\/"},"_links":{"self":[{"href":"https:\/\/serbenidorm.daliisolutions.com\/index.php\/wp-json\/wp\/v2\/posts\/23733","targetHints":{"allow":["GET"]}}],"collection":[{"href":"https:\/\/serbenidorm.daliisolutions.com\/index.php\/wp-json\/wp\/v2\/posts"}],"about":[{"href":"https:\/\/serbenidorm.daliisolutions.com\/index.php\/wp-json\/wp\/v2\/types\/post"}],"replies":[{"embeddable":true,"href":"https:\/\/serbenidorm.daliisolutions.com\/index.php\/wp-json\/wp\/v2\/comments?post=23733"}],"version-history":[{"count":0,"href":"https:\/\/serbenidorm.daliisolutions.com\/index.php\/wp-json\/wp\/v2\/posts\/23733\/revisions"}],"wp:featuredmedia":[{"embeddable":true,"href":"https:\/\/serbenidorm.daliisolutions.com\/index.php\/wp-json\/wp\/v2\/media\/23734"}],"wp:attachment":[{"href":"https:\/\/serbenidorm.daliisolutions.com\/index.php\/wp-json\/wp\/v2\/media?parent=23733"}],"wp:term":[{"taxonomy":"category","embeddable":true,"href":"https:\/\/serbenidorm.daliisolutions.com\/index.php\/wp-json\/wp\/v2\/categories?post=23733"},{"taxonomy":"post_tag","embeddable":true,"href":"https:\/\/serbenidorm.daliisolutions.com\/index.php\/wp-json\/wp\/v2\/tags?post=23733"}],"curies":[{"name":"wp","href":"https:\/\/api.w.org\/{rel}","templated":true}]}}