{"id":23749,"date":"2026-03-30T19:06:05","date_gmt":"2026-03-30T17:06:05","guid":{"rendered":"https:\/\/serbenidorm.daliisolutions.com\/index.php\/2026\/03\/30\/costa-sonora-arranca-esta-semana-la-gira-de-festivales-en-la-provincia-de-alicante\/"},"modified":"2026-03-30T19:06:05","modified_gmt":"2026-03-30T17:06:05","slug":"costa-sonora-arranca-esta-semana-la-gira-de-festivales-en-la-provincia-de-alicante","status":"publish","type":"post","link":"https:\/\/serbenidorm.daliisolutions.com\/index.php\/2026\/03\/30\/costa-sonora-arranca-esta-semana-la-gira-de-festivales-en-la-provincia-de-alicante\/","title":{"rendered":"Costa Sonora arranca esta semana la gira de festivales en la provincia de Alicante"},"content":{"rendered":" <p>Alicante ya calienta motores para recibir una de las citas m\u00e1s esperadas del calendario musical, el Festival Costa Sonora. <\/p>  <p>Esta semana el recinto de El Muelle Live se prepara para acoger la segunda edici\u00f3n de este evento que se consolida como el gran pistoletazo de salida de la temporada de festivales de m\u00fasica urbana en Espa\u00f1a.<\/p>  <p>A tan solo unos d\u00edas de su celebraci\u00f3n, la organizaci\u00f3n ha hecho p\u00fablicos los horarios oficiales, adem\u00e1s de otras novedades que completan la experiencia del festival, que tendr\u00e1 lugar los pr\u00f3ximos 3 y 4 de abril de 2026 en el recinto de El Muelle Live. Adem\u00e1s, este a\u00f1o el festival vuelve a contar con el apoyo de Vibra Mahou, la plataforma de m\u00fasica de Mahou Cinco Estrellas que impulsa experiencias cinco estrellas en torno a la mejor m\u00fasica en directo y conecta artistas y p\u00fablico.<\/p>  <p>El festival abrir\u00e1 sus puertas ambos d\u00edas a las 13:00h, ofreciendo m\u00e1s de once horas ininterrumpidas de m\u00fasica urbana hasta las 00:30h, en un formato pensado para disfrutar intensamente de cada jornada.<\/p>  <p>El viernes 3 de abril estar\u00e1 marcado por la potente actuaci\u00f3n de Kidd Keo, uno de los grandes referentes del trap nacional, que ser\u00e1 el encargado de cerrar la jornada a las 23:30h. Por su parte, el s\u00e1bado 4 de abril culminar\u00e1 con el directo de Yung Beef, figura clave del g\u00e9nero urbano en Espa\u00f1a, tambi\u00e9n a las 23:30h, en un cierre que promete ser uno de los momentos m\u00e1s memorables del festival.<\/p>  <p>Durante todo el fin de semana m\u00e1s de treinta artistas, entre grandes referentes del g\u00e9nero y otros emergentes, pasar\u00e1n por el escenario de Costa Sonora, ofreciendo una programaci\u00f3n diversa que recorrer\u00e1 el trap, reggaeton, rap y los nuevos sonidos urbanos que est\u00e1n definiendo a toda una generaci\u00f3n.<\/p>  <p>M\u00e1s all\u00e1 de la m\u00fasica, Costa Sonora volver\u00e1 a apostar por una experiencia completa con una variada zona gastron\u00f3mica, espacios de descanso, diferentes zonas como vip o frontstage y m\u00faltiples servicios pensados para la comodidad del p\u00fablico asistente.<\/p>  <p>Con una previsi\u00f3n de asistencia que superar\u00e1 la pasada edici\u00f3n, con las \u00faltimas entradas generales a la venta y las de zona vip y frontstage ya agotadas, Costa Sonora reafirma su posici\u00f3n como uno de los eventos clave del panorama urbano nacional, situando a Alicante en el centro de la escena musical actual.<\/p>  <p>Costa Sonora se consolida como el festival urbano de referencia en Alicante, reuniendo a miles de j\u00f3venes que viven la m\u00fasica como una forma de expresi\u00f3n y de identidad.<\/p>  <p>Su combinaci\u00f3n de artistas de primer nivel, talento emergente y un entorno privilegiado junto al mar Mediterr\u00e1neo convierten este evento en una experiencia \u00fanica que trasciende lo musical.<\/p>  <p>Toda la informaci\u00f3n y \u00faltimas entradas disponibles est\u00e1n disponibles en la web oficial www.costasonora.es<\/p>  <p>El festival se celebra en El Muelle Live, ubicado en una zona privilegiada del puerto de Alicante, con m\u00faltiples opciones de acceso c\u00f3modas y bien conectadas:<\/p>  <p><b>Tranv\u00eda<\/b><\/p>  <p>La L\u00ednea 5 del TRAM conecta directamente el frente mar\u00edtimo con la playa de San Juan y para en varios puntos pr\u00f3ximos al puerto, incluyendo Puerta del Mar (cabecera, junto al Muelle 12 y la Explanada), La Marina (junto a la playa del Postiguet y el puerto), y las paradas de La Isleta y Sangueta en direcci\u00f3n San Juan. Es una de las formas m\u00e1s r\u00e1pidas y c\u00f3modas de llegar.<\/p>  <p><b>Autob\u00fas<\/b><\/p>  <p>Diversas l\u00edneas del bus urbano facilitan el acceso al recinto. Las l\u00edneas 04, 05, 06 y 09, junto con las 10, 13, 14A\/B y 22, adem\u00e1s de las l\u00edneas 27 y 39, tienen parada en Plaza Puerta del Mar, situada a pocos minutos a pie del Muelle 12 de Levante.<\/p>  <p><b>En coche<\/b><\/p>  <p>El acceso es directo desde la A-7. Existen varias opciones de aparcamiento cercanas, como Interparking Plaza del Puerto (Muelle de Levante), abierto 24 horas y con puntos de recarga el\u00e9ctrica, o el Parking Muelle de Poniente, una alternativa p\u00fablica y econ\u00f3mica. Ambos se encuentran a menos de cinco minutos caminando del recinto.<\/p>  <p><b>A pie o en taxi<\/b><\/p>  <p>El Muelle Live se encuentra a escasos minutos del centro de Alicante. Desde puntos como la Explanada de Espa\u00f1a, el Ayuntamiento o el Mercado Central, se puede acceder f\u00e1cilmente dando un paseo junto al mar. Adem\u00e1s, el recinto dispone de parada de taxi en su entrada, garantizando un acceso c\u00f3modo y directo.<\/p> ","protected":false},"excerpt":{"rendered":"<p>Yung Beef, Kidd Keo, La Pantera, MVRK, Funzo, Soge Culebra, Metrika o D.Valentino actuar\u00e1n este viernes y s\u00e1bado<\/p>\n","protected":false},"author":0,"featured_media":23750,"comment_status":"","ping_status":"open","sticky":false,"template":"","format":"standard","meta":{"_acf_changed":false,"footnotes":""},"categories":[1],"tags":[],"class_list":["post-23749","post","type-post","status-publish","format-standard","has-post-thumbnail","hentry","category-sin-categoria"],"acf":{"ser_id":"YUNOKBO3ZRGEDHE4WGIZ2Z4PSU","ser_url":"https:\/\/cadenaser.com\/comunitat-valenciana\/2026\/03\/30\/costa-sonora-arranca-esta-semana-la-gira-de-festivales-en-la-provincia-de-alicante-radio-benidorm\/"},"_links":{"self":[{"href":"https:\/\/serbenidorm.daliisolutions.com\/index.php\/wp-json\/wp\/v2\/posts\/23749","targetHints":{"allow":["GET"]}}],"collection":[{"href":"https:\/\/serbenidorm.daliisolutions.com\/index.php\/wp-json\/wp\/v2\/posts"}],"about":[{"href":"https:\/\/serbenidorm.daliisolutions.com\/index.php\/wp-json\/wp\/v2\/types\/post"}],"replies":[{"embeddable":true,"href":"https:\/\/serbenidorm.daliisolutions.com\/index.php\/wp-json\/wp\/v2\/comments?post=23749"}],"version-history":[{"count":0,"href":"https:\/\/serbenidorm.daliisolutions.com\/index.php\/wp-json\/wp\/v2\/posts\/23749\/revisions"}],"wp:featuredmedia":[{"embeddable":true,"href":"https:\/\/serbenidorm.daliisolutions.com\/index.php\/wp-json\/wp\/v2\/media\/23750"}],"wp:attachment":[{"href":"https:\/\/serbenidorm.daliisolutions.com\/index.php\/wp-json\/wp\/v2\/media?parent=23749"}],"wp:term":[{"taxonomy":"category","embeddable":true,"href":"https:\/\/serbenidorm.daliisolutions.com\/index.php\/wp-json\/wp\/v2\/categories?post=23749"},{"taxonomy":"post_tag","embeddable":true,"href":"https:\/\/serbenidorm.daliisolutions.com\/index.php\/wp-json\/wp\/v2\/tags?post=23749"}],"curies":[{"name":"wp","href":"https:\/\/api.w.org\/{rel}","templated":true}]}}