{"id":23769,"date":"2026-03-31T13:18:34","date_gmt":"2026-03-31T11:18:34","guid":{"rendered":"https:\/\/serbenidorm.daliisolutions.com\/index.php\/2026\/03\/31\/transportes-cede-a-villajoyosa-la-carretera-n-332a-entre-el-tanatorio-y-la-cala\/"},"modified":"2026-03-31T13:18:34","modified_gmt":"2026-03-31T11:18:34","slug":"transportes-cede-a-villajoyosa-la-carretera-n-332a-entre-el-tanatorio-y-la-cala","status":"publish","type":"post","link":"https:\/\/serbenidorm.daliisolutions.com\/index.php\/2026\/03\/31\/transportes-cede-a-villajoyosa-la-carretera-n-332a-entre-el-tanatorio-y-la-cala\/","title":{"rendered":"Transportes cede a Villajoyosa la carretera N-332A entre el Tanatorio y La Cala"},"content":{"rendered":" <p>El Ministerio de Transportes y Movilidad Sostenible ha cedido al Ayuntamiento de Villajoyosa, en la provincia de Alicante, la titularidad de un tramo de la carretera N-332A, as\u00ed como tramos de los ramales R-10, R-8 y R-6 del enlace norte de Villajoyosa.<\/p>  <p>El tramo cedido tiene una longitud de 560 m con una superficie estimada de 11.224 m<sup>2<\/sup>. El Ayuntamiento de Villajoyosa asume la titularidad del tramo rese\u00f1ado, con todos sus elementos auxiliares y equipamientos, y pasa a ser a partir de ahora el responsable de su conservaci\u00f3n y mantenimiento.<\/p>  <p>En la intenci\u00f3n del consistorio est\u00e1, seg\u00fan ha explicado el concejal de Urbanismo Pedro Ramis, <a href=\"https:\/\/cadenaser.com\/tag\/benidorm\/a\/\" target=\"_blank\" rel=\"nofollow\" title=\"https:\/\/cadenaser.com\/tag\/benidorm\/a\/\">adaptar estos viales como tramos urbanos<\/a>: \u00abPermitiendo la implantaci\u00f3n por ejemplo de carriles bici o adecuando los accesos a las actividades comerciales\u00bb.<\/p>  <p>Se trata, en definitiva, de que este tramo de la antigua Nacional entre las rotondas del Tanatorio y La Cala pueda funcionar como calle: \u00abCesi\u00f3n impulsada por el propio Ayuntamiento en 2024\u00bb, ha recordado Ramis, que ha destacado la \u00abbuena predisposici\u00f3n\u00bb por parte del Ministerio.<\/p> ","protected":false},"excerpt":{"rendered":"<p>El Ayuntamiento quiere adaptar los viales como tramos urbanos<\/p>\n","protected":false},"author":0,"featured_media":23770,"comment_status":"","ping_status":"open","sticky":false,"template":"","format":"standard","meta":{"_acf_changed":false,"footnotes":""},"categories":[1],"tags":[],"class_list":["post-23769","post","type-post","status-publish","format-standard","has-post-thumbnail","hentry","category-sin-categoria"],"acf":{"ser_id":"AAAI46HNV5FGFDHLBMZ6ILPWRU","ser_url":"https:\/\/cadenaser.com\/comunitat-valenciana\/2026\/03\/31\/transportes-cede-a-villajoyosa-la-carretera-n-332a-entre-el-tanatorio-y-la-cala-radio-benidorm\/"},"_links":{"self":[{"href":"https:\/\/serbenidorm.daliisolutions.com\/index.php\/wp-json\/wp\/v2\/posts\/23769","targetHints":{"allow":["GET"]}}],"collection":[{"href":"https:\/\/serbenidorm.daliisolutions.com\/index.php\/wp-json\/wp\/v2\/posts"}],"about":[{"href":"https:\/\/serbenidorm.daliisolutions.com\/index.php\/wp-json\/wp\/v2\/types\/post"}],"replies":[{"embeddable":true,"href":"https:\/\/serbenidorm.daliisolutions.com\/index.php\/wp-json\/wp\/v2\/comments?post=23769"}],"version-history":[{"count":0,"href":"https:\/\/serbenidorm.daliisolutions.com\/index.php\/wp-json\/wp\/v2\/posts\/23769\/revisions"}],"wp:featuredmedia":[{"embeddable":true,"href":"https:\/\/serbenidorm.daliisolutions.com\/index.php\/wp-json\/wp\/v2\/media\/23770"}],"wp:attachment":[{"href":"https:\/\/serbenidorm.daliisolutions.com\/index.php\/wp-json\/wp\/v2\/media?parent=23769"}],"wp:term":[{"taxonomy":"category","embeddable":true,"href":"https:\/\/serbenidorm.daliisolutions.com\/index.php\/wp-json\/wp\/v2\/categories?post=23769"},{"taxonomy":"post_tag","embeddable":true,"href":"https:\/\/serbenidorm.daliisolutions.com\/index.php\/wp-json\/wp\/v2\/tags?post=23769"}],"curies":[{"name":"wp","href":"https:\/\/api.w.org\/{rel}","templated":true}]}}