{"id":23781,"date":"2026-03-31T19:29:05","date_gmt":"2026-03-31T17:29:05","guid":{"rendered":"https:\/\/serbenidorm.daliisolutions.com\/index.php\/2026\/03\/31\/huelga-de-profesores-en-la-marina-baixa-en-benidorm-es-mas-grave-la-ratio-es-25-y-en-muchos-casos-esta-por-encima\/"},"modified":"2026-03-31T19:29:05","modified_gmt":"2026-03-31T17:29:05","slug":"huelga-de-profesores-en-la-marina-baixa-en-benidorm-es-mas-grave-la-ratio-es-25-y-en-muchos-casos-esta-por-encima","status":"publish","type":"post","link":"https:\/\/serbenidorm.daliisolutions.com\/index.php\/2026\/03\/31\/huelga-de-profesores-en-la-marina-baixa-en-benidorm-es-mas-grave-la-ratio-es-25-y-en-muchos-casos-esta-por-encima\/","title":{"rendered":"Huelga de profesores en la Marina Baixa: \u00abEn Benidorm es m\u00e1s grave, la ratio es 25 y en muchos casos est\u00e1 por encima\u00bb"},"content":{"rendered":" <p>Jornada de huelga educativa este martes en toda la Comunitat Valenciana y tambi\u00e9n en la Marina Baixa con piquetes en los centros escolares a primera hora y manifestaci\u00f3n en el IES L&#8217;Almadrava de Benidorm, donde se han concentrado decenas de profesores acompa\u00f1ados de algunos padres y alumnos. <\/p>  <p>Piden mejoras salariales, en las ratios o en las infraestructuras, como ha vuelto a recalcar el portavoz de STEPV en la Marina Baixa <a href=\"https:\/\/cadenaser.com\/tag\/benidorm\/a\/\" target=\"_blank\" rel=\"nofollow\" title=\"https:\/\/cadenaser.com\/tag\/benidorm\/a\/\">Juan Luis Aguado<\/a>, que ha explicado como la situaci\u00f3n de las infraestructuras en la ciudad de Benidorm o el n\u00famero de alumnos por aula en la mayor\u00eda de sus centros es todav\u00eda peor que en otras zonas, superando con creces el umbral de 25 escolares por clase.<\/p>  <p>Aguado tambi\u00e9n ha querido destacar la alta participaci\u00f3n en Benidorm en esta huelga secundada por todos los sindicatos salvo ANPE y recuerda que, si la Conselleria de Educaci\u00f3n no hace avances reales en la negociaci\u00f3n, contemplan convocar un paro indefinido y terminar el curso en mayo.<\/p>  <p>Miles de miembros de la comunidad educativa de toda la provincia, tambi\u00e9n de la comarca, se han movilizado despu\u00e9s por las calles del centro de Alicante. <\/p> ","protected":false},"excerpt":{"rendered":"<p>Los sindicatos exigen mejoras salariales o la reducci\u00f3n del n\u00famero de alumnos por aula<\/p>\n","protected":false},"author":0,"featured_media":23782,"comment_status":"","ping_status":"open","sticky":false,"template":"","format":"standard","meta":{"_acf_changed":false,"footnotes":""},"categories":[1],"tags":[],"class_list":["post-23781","post","type-post","status-publish","format-standard","has-post-thumbnail","hentry","category-sin-categoria"],"acf":{"ser_id":"JWB465UCL5FT7NRL4FOTTLZQXQ","ser_url":"https:\/\/cadenaser.com\/comunitat-valenciana\/2026\/03\/31\/huelga-de-profesores-en-la-marina-baixa-en-benidorm-es-mas-grave-la-ratio-es-25-y-en-muchos-casos-esta-por-encima-radio-benidorm\/"},"_links":{"self":[{"href":"https:\/\/serbenidorm.daliisolutions.com\/index.php\/wp-json\/wp\/v2\/posts\/23781","targetHints":{"allow":["GET"]}}],"collection":[{"href":"https:\/\/serbenidorm.daliisolutions.com\/index.php\/wp-json\/wp\/v2\/posts"}],"about":[{"href":"https:\/\/serbenidorm.daliisolutions.com\/index.php\/wp-json\/wp\/v2\/types\/post"}],"replies":[{"embeddable":true,"href":"https:\/\/serbenidorm.daliisolutions.com\/index.php\/wp-json\/wp\/v2\/comments?post=23781"}],"version-history":[{"count":0,"href":"https:\/\/serbenidorm.daliisolutions.com\/index.php\/wp-json\/wp\/v2\/posts\/23781\/revisions"}],"wp:featuredmedia":[{"embeddable":true,"href":"https:\/\/serbenidorm.daliisolutions.com\/index.php\/wp-json\/wp\/v2\/media\/23782"}],"wp:attachment":[{"href":"https:\/\/serbenidorm.daliisolutions.com\/index.php\/wp-json\/wp\/v2\/media?parent=23781"}],"wp:term":[{"taxonomy":"category","embeddable":true,"href":"https:\/\/serbenidorm.daliisolutions.com\/index.php\/wp-json\/wp\/v2\/categories?post=23781"},{"taxonomy":"post_tag","embeddable":true,"href":"https:\/\/serbenidorm.daliisolutions.com\/index.php\/wp-json\/wp\/v2\/tags?post=23781"}],"curies":[{"name":"wp","href":"https:\/\/api.w.org\/{rel}","templated":true}]}}