{"id":23800,"date":"2026-04-01T11:54:40","date_gmt":"2026-04-01T09:54:40","guid":{"rendered":"https:\/\/serbenidorm.daliisolutions.com\/index.php\/2026\/04\/01\/los-hoteles-de-benidorm-pisan-el-acelerador-en-la-recta-final-de-la-semana-santa\/"},"modified":"2026-04-01T11:54:40","modified_gmt":"2026-04-01T09:54:40","slug":"los-hoteles-de-benidorm-pisan-el-acelerador-en-la-recta-final-de-la-semana-santa","status":"publish","type":"post","link":"https:\/\/serbenidorm.daliisolutions.com\/index.php\/2026\/04\/01\/los-hoteles-de-benidorm-pisan-el-acelerador-en-la-recta-final-de-la-semana-santa\/","title":{"rendered":"Los hoteles de Benidorm pisan el acelerador en la recta final de la Semana Santa"},"content":{"rendered":" <p>M\u00e1s all\u00e1 de los conflictos internacionales y la incertidumbre econ\u00f3mica la reserva de \u00faltima hora vuelve a funcionar y eleva la ocupaci\u00f3n hotelera en Benidorm hasta rozar el 86% en los d\u00edas centrales de la Semana Santa. <\/p>  <p>En concreto los alojamientos de la capital tur\u00edstica encaran los d\u00edas festivos en el 85,8% de reservas confirmadas \u00abcumpliendo los pron\u00f3sticos y con muy buenas perspectivas\u00bb, seg\u00fan la \u00faltima valoraci\u00f3n de HOSBEC.<\/p>  <p>Desde la patronal explican que la buena climatolog\u00eda y el efecto \u2018staycation\u2019, las vacaciones de proximidad, han propiciado estos buenos datos de actividad hotelera que seguramente se ver\u00e1n incrementados con la \u00faltima hora que est\u00e1 funcionando en estos momentos en los sistemas de reservas. <\/p>  <p><a href=\"https:\/\/cadenaser.com\/tag\/benidorm\/a\/\" target=\"_blank\" rel=\"nofollow\" title=\"https:\/\/cadenaser.com\/tag\/benidorm\/a\/\">El sector espera alcanzar los datos de 2025 que situaron la ocupaci\u00f3n en el 90%<\/a>.<\/p>  <p>A las puertas de los d\u00edas centrales de este periodo vacacional la media de la ocupaci\u00f3n hotelera se sit\u00faa en el 82,4% en la Comunitat Valenciana. Valencia capital se sit\u00faa en el 87% de reservas confirmadas \u2018on the books\u2019. Pe\u00f1\u00edscola ser\u00e1 otro de los puntos fuertes de atracci\u00f3n en Semana Santa con un 82,2% ya reservado.<\/p>  <p>La Costa Blanca y la zona sur de la provincia de Alicante tiene una ocupaci\u00f3n en el entorno del 72,4% mientras que la provincia de Valencia roza el 84% y la de Castell\u00f3n supera ya el 80%.<\/p> ","protected":false},"excerpt":{"rendered":"<p>Las reservas de \u00faltima hora de los turistas de proximidad elevan la ocupaci\u00f3n hasta rozar el 86%<\/p>\n","protected":false},"author":0,"featured_media":23801,"comment_status":"","ping_status":"open","sticky":false,"template":"","format":"standard","meta":{"_acf_changed":false,"footnotes":""},"categories":[1],"tags":[],"class_list":["post-23800","post","type-post","status-publish","format-standard","has-post-thumbnail","hentry","category-sin-categoria"],"acf":{"ser_id":"OSKPULRHWJFVFN7IBY7HOPAW2U","ser_url":"https:\/\/cadenaser.com\/comunitat-valenciana\/2026\/04\/01\/los-hoteles-de-benidorm-pisan-el-acelerador-en-la-recta-final-de-la-semana-santa-radio-benidorm\/"},"_links":{"self":[{"href":"https:\/\/serbenidorm.daliisolutions.com\/index.php\/wp-json\/wp\/v2\/posts\/23800","targetHints":{"allow":["GET"]}}],"collection":[{"href":"https:\/\/serbenidorm.daliisolutions.com\/index.php\/wp-json\/wp\/v2\/posts"}],"about":[{"href":"https:\/\/serbenidorm.daliisolutions.com\/index.php\/wp-json\/wp\/v2\/types\/post"}],"replies":[{"embeddable":true,"href":"https:\/\/serbenidorm.daliisolutions.com\/index.php\/wp-json\/wp\/v2\/comments?post=23800"}],"version-history":[{"count":0,"href":"https:\/\/serbenidorm.daliisolutions.com\/index.php\/wp-json\/wp\/v2\/posts\/23800\/revisions"}],"wp:featuredmedia":[{"embeddable":true,"href":"https:\/\/serbenidorm.daliisolutions.com\/index.php\/wp-json\/wp\/v2\/media\/23801"}],"wp:attachment":[{"href":"https:\/\/serbenidorm.daliisolutions.com\/index.php\/wp-json\/wp\/v2\/media?parent=23800"}],"wp:term":[{"taxonomy":"category","embeddable":true,"href":"https:\/\/serbenidorm.daliisolutions.com\/index.php\/wp-json\/wp\/v2\/categories?post=23800"},{"taxonomy":"post_tag","embeddable":true,"href":"https:\/\/serbenidorm.daliisolutions.com\/index.php\/wp-json\/wp\/v2\/tags?post=23800"}],"curies":[{"name":"wp","href":"https:\/\/api.w.org\/{rel}","templated":true}]}}