{"id":23825,"date":"2026-04-02T12:23:50","date_gmt":"2026-04-02T10:23:50","guid":{"rendered":"https:\/\/serbenidorm.daliisolutions.com\/index.php\/2026\/04\/02\/jaume-guardeno-muy-grave-tras-un-accidente-mientras-entrenaba\/"},"modified":"2026-04-02T12:23:50","modified_gmt":"2026-04-02T10:23:50","slug":"jaume-guardeno-muy-grave-tras-un-accidente-mientras-entrenaba","status":"publish","type":"post","link":"https:\/\/serbenidorm.daliisolutions.com\/index.php\/2026\/04\/02\/jaume-guardeno-muy-grave-tras-un-accidente-mientras-entrenaba\/","title":{"rendered":"Jaume Guarde\u00f1o, muy grave tras un accidente mientras entrenaba"},"content":{"rendered":" <p>Tras haber sufrido una ca\u00edda durante una sesi\u00f3n de entrenamiento este mi\u00e9rcoles, 1 de abril, el ciclista alteano Jaume Guarde\u00f1o (Caja Rural-RGA) se encuentra ingresado en un centro hospitalario de Catalunya en estado muy grave debido a las lesiones sufridas.<\/p>  <p>Seg\u00fan las han explicado fuentes cercanas al ciclista a Radio Benidorm-SER, el corredor habr\u00eda sufrido una fuerte ca\u00edda mientras entrenaba en compa\u00f1\u00eda de su hermano. Guarde\u00f1o habr\u00eda pisado una piedra con su bicicleta, una circunstancia que le habr\u00eda desestabilizado y, tratando de evitar la ca\u00edda, habr\u00eda impactado de lleno contra un coche que circulaba en el carril opuesto.<\/p>  <p>Esas mismas fuentes han explicado que la mayor parte del impacto se la habr\u00eda llevado en la cabeza, motivo por el que fue trasladado de manera urgente a un centro hospitalario cercano donde, ya ayer por la noche, fue operado de urgencia.<\/p>  <p>Por el momento, no existe comunicado m\u00e9dico oficial y el equipo Caja Rural-RGA no ha emitido tampoco ning\u00fan tipo de informaci\u00f3n sobre el estado del corredor de Altea, que se encuentra ahora sedado y a la espera de conocer su evoluci\u00f3n en las pr\u00f3ximas horas, aunque diversas fuentes apuntan a que su estado es muy grave.<\/p>  <p>Guarde\u00f1o, de 23 a\u00f1os, es una de las grandes esperanzas del ciclismo espa\u00f1ol y acababa de tomar parte en la Volta a Catalunya, donde ocup\u00f3 la tercera plaza en la clasificaci\u00f3n de los j\u00f3venes. El a\u00f1o pasado termin\u00f3 14\u00ba en la Vuelta a Espa\u00f1a y era uno de los corredores que aparec\u00eda con muchas opciones de estar en el \u2018ocho\u2019 de Caja Rural-RGA en la pr\u00f3xima edici\u00f3n del Tour de Francia.<\/p> ","protected":false},"excerpt":{"rendered":"<p>El ciclista de Altea se encuentra sedado tras haber sido sometido a una operaci\u00f3n<\/p>\n","protected":false},"author":0,"featured_media":23826,"comment_status":"","ping_status":"open","sticky":false,"template":"","format":"standard","meta":{"_acf_changed":false,"footnotes":""},"categories":[16],"tags":[],"class_list":["post-23825","post","type-post","status-publish","format-standard","has-post-thumbnail","hentry","category-deportes"],"acf":{"ser_id":"GLPMGV3LENCOZFNQKEWSIJF6KI","ser_url":"https:\/\/cadenaser.com\/comunitat-valenciana\/2026\/04\/02\/jaume-guardeno-muy-grave-tras-un-accidente-mientras-entrenaba-radio-benidorm\/"},"_links":{"self":[{"href":"https:\/\/serbenidorm.daliisolutions.com\/index.php\/wp-json\/wp\/v2\/posts\/23825","targetHints":{"allow":["GET"]}}],"collection":[{"href":"https:\/\/serbenidorm.daliisolutions.com\/index.php\/wp-json\/wp\/v2\/posts"}],"about":[{"href":"https:\/\/serbenidorm.daliisolutions.com\/index.php\/wp-json\/wp\/v2\/types\/post"}],"replies":[{"embeddable":true,"href":"https:\/\/serbenidorm.daliisolutions.com\/index.php\/wp-json\/wp\/v2\/comments?post=23825"}],"version-history":[{"count":0,"href":"https:\/\/serbenidorm.daliisolutions.com\/index.php\/wp-json\/wp\/v2\/posts\/23825\/revisions"}],"wp:featuredmedia":[{"embeddable":true,"href":"https:\/\/serbenidorm.daliisolutions.com\/index.php\/wp-json\/wp\/v2\/media\/23826"}],"wp:attachment":[{"href":"https:\/\/serbenidorm.daliisolutions.com\/index.php\/wp-json\/wp\/v2\/media?parent=23825"}],"wp:term":[{"taxonomy":"category","embeddable":true,"href":"https:\/\/serbenidorm.daliisolutions.com\/index.php\/wp-json\/wp\/v2\/categories?post=23825"},{"taxonomy":"post_tag","embeddable":true,"href":"https:\/\/serbenidorm.daliisolutions.com\/index.php\/wp-json\/wp\/v2\/tags?post=23825"}],"curies":[{"name":"wp","href":"https:\/\/api.w.org\/{rel}","templated":true}]}}