{"id":2383,"date":"2024-02-14T18:18:49","date_gmt":"2024-02-14T17:18:49","guid":{"rendered":"https:\/\/serbenidorm.daliisolutions.com\/index.php\/2024\/02\/14\/adjudican-por-31-millones-la-mejora-de-los-accesos-al-hospital-de-la-vila-joiosa\/"},"modified":"2024-02-14T18:18:49","modified_gmt":"2024-02-14T17:18:49","slug":"adjudican-por-31-millones-la-mejora-de-los-accesos-al-hospital-de-la-vila-joiosa","status":"publish","type":"post","link":"https:\/\/serbenidorm.daliisolutions.com\/index.php\/2024\/02\/14\/adjudican-por-31-millones-la-mejora-de-los-accesos-al-hospital-de-la-vila-joiosa\/","title":{"rendered":"Adjudican por 3,1 millones la mejora de los accesos al hospital de La Vila Joiosa"},"content":{"rendered":"  <p>Benidorm<\/p>   <p>El Ministerio de Transportes y Movilidad Sostenible ha adjudicado por 3,1 millones de euros las obras para mejorar los<a href=\"https:\/\/cadenaser.com\/tag\/hospital_general_marina_baja\/a\/\" target=\"_blank\" rel=\"noopener\"> accesos al hospital comarcal de la Marina Baixa<\/a> desde la carretera N-332, en La Vila Joiosa.<\/p>   <p>El proyecto consiste en la construcci\u00f3n de un semienlace, con ramales de entrada y salida hacia y desde el hospital y, adem\u00e1s, se crear\u00e1n glorietas en ambos lados de la N-332.<\/p>  <p><p>M\u00e1s informaci\u00f3n<\/p><figure><img decoding=\"async\" src=\"https:\/\/cadenaser.com\/resizer\/r1lGSzsUuZuklVpjJQyw5zsUH4w=\/650x366\/filters:quality(70)\/cloudfront-eu-central-1.images.arcpublishing.com\/prisaradio\/XOKZKR2PBZDWDHNM7N6CYKESGU.jpeg\" loading=\"lazy\" width=\"828\" height=\"621\" \/><\/figure><ul><li><a href=\"https:\/\/cadenaser.com\/comunitat-valenciana\/2024\/02\/13\/descarga-gratis-la-nueva-app-de-radio-benidorm-y-prueba-todas-las-novedades-radio-benidorm\/\">Descarga gratis la nueva app de Radio Benidorm y prueba todas las novedades<\/a><\/li><\/ul><\/p>   <p>La actuaci\u00f3n es compatible con la ampliaci\u00f3n del centro sanitario, que duplicar\u00e1 aproximadamente su capacidad asistencial, y con una futura ampliaci\u00f3n de capacidad en la carretera N-332, que ya tiene caracter\u00edsticas de autov\u00eda en el tramo contiguo de la variante de Benidorm.<\/p>   <p>El hospital de la Marina Baixa, el principal centro sanitario de la comarca, ya exist\u00eda antes de la construcci\u00f3n de la variante y se encuentra junto a \u00e9sta, pero no tiene conexi\u00f3n directa. Actualmente, se accede al hospital a trav\u00e9s de un camino conectado a la antigua carretera nacional.<\/p>   <p>Con el nuevo enlace en la carretera N-332, que proporcionar\u00e1 un acceso espec\u00edfico al centro sanitario, se reducir\u00e1 en 4,4 kil\u00f3metros la distancia para los usuarios que vienen del sur, lo que resolver\u00e1 a corto plazo los graves problemas de accesibilidad existentes.<\/p>   <p>Adem\u00e1s, tambi\u00e9n mejorar\u00e1 significativamente la movilidad y accesibilidad en la comarca, ya que se crear\u00e1 un nuevo enlace a diferente nivel entre los nudos de Villajoyosa centro y Benidorm sur, que est\u00e1n separados por m\u00e1s de 6 kil\u00f3metros. <\/p> ","protected":false},"excerpt":{"rendered":"<p>Desde la Nacional 332<\/p>\n","protected":false},"author":0,"featured_media":2384,"comment_status":"open","ping_status":"open","sticky":false,"template":"","format":"standard","meta":{"_acf_changed":false,"footnotes":""},"categories":[1],"tags":[],"class_list":["post-2383","post","type-post","status-publish","format-standard","has-post-thumbnail","hentry","category-sin-categoria"],"acf":{"ser_id":"SIRWT7G3ZBEX7KD2HB72TCT4RU","ser_url":"https:\/\/cadenaser.com\/comunitat-valenciana\/2024\/02\/14\/adjudican-por-31-millones-la-mejora-de-los-accesos-al-hospital-de-la-vila-joiosa-radio-benidorm\/"},"_links":{"self":[{"href":"https:\/\/serbenidorm.daliisolutions.com\/index.php\/wp-json\/wp\/v2\/posts\/2383","targetHints":{"allow":["GET"]}}],"collection":[{"href":"https:\/\/serbenidorm.daliisolutions.com\/index.php\/wp-json\/wp\/v2\/posts"}],"about":[{"href":"https:\/\/serbenidorm.daliisolutions.com\/index.php\/wp-json\/wp\/v2\/types\/post"}],"replies":[{"embeddable":true,"href":"https:\/\/serbenidorm.daliisolutions.com\/index.php\/wp-json\/wp\/v2\/comments?post=2383"}],"version-history":[{"count":0,"href":"https:\/\/serbenidorm.daliisolutions.com\/index.php\/wp-json\/wp\/v2\/posts\/2383\/revisions"}],"wp:featuredmedia":[{"embeddable":true,"href":"https:\/\/serbenidorm.daliisolutions.com\/index.php\/wp-json\/wp\/v2\/media\/2384"}],"wp:attachment":[{"href":"https:\/\/serbenidorm.daliisolutions.com\/index.php\/wp-json\/wp\/v2\/media?parent=2383"}],"wp:term":[{"taxonomy":"category","embeddable":true,"href":"https:\/\/serbenidorm.daliisolutions.com\/index.php\/wp-json\/wp\/v2\/categories?post=2383"},{"taxonomy":"post_tag","embeddable":true,"href":"https:\/\/serbenidorm.daliisolutions.com\/index.php\/wp-json\/wp\/v2\/tags?post=2383"}],"curies":[{"name":"wp","href":"https:\/\/api.w.org\/{rel}","templated":true}]}}