{"id":23831,"date":"2026-04-02T13:33:07","date_gmt":"2026-04-02T11:33:07","guid":{"rendered":"https:\/\/serbenidorm.daliisolutions.com\/index.php\/2026\/04\/02\/benidorm-presenta-su-candidatura-al-european-green-leaf-2028\/"},"modified":"2026-04-02T13:33:07","modified_gmt":"2026-04-02T11:33:07","slug":"benidorm-presenta-su-candidatura-al-european-green-leaf-2028","status":"publish","type":"post","link":"https:\/\/serbenidorm.daliisolutions.com\/index.php\/2026\/04\/02\/benidorm-presenta-su-candidatura-al-european-green-leaf-2028\/","title":{"rendered":"Benidorm presenta su candidatura al European Green Leaf 2028"},"content":{"rendered":" <p>Benidorm ha formalizado su candidatura al European Green Leaf 2028, un reconocimiento de la Comisi\u00f3n Europea dirigido a ciudades de menos de 100.000 habitantes comprometidas con la sostenibilidad y la calidad de vida. El anuncio lo ha realizado el alcalde, Toni P\u00e9rez, quien ha destacado que la ciudad concurre a esta nueva edici\u00f3n con un proyecto \u201cm\u00e1s potente\u201d tras haber sido finalista en 2027.<\/p>  <p>El regidor ha subrayado que la candidatura refleja una mejora en todos los indicadores ambientales evaluados, fruto del trabajo conjunto de t\u00e9cnicos municipales y del equipo de Visit Benidorm. Adem\u00e1s, ha puesto en valor la implicaci\u00f3n creciente tanto de residentes como de turistas en la gesti\u00f3n sostenible del destino, uno de los rasgos diferenciales del municipio.<\/p>  <p>Benidorm busca consolidar un modelo que, seg\u00fan el alcalde, demuestra que es posible compatibilizar una alta densidad tur\u00edstica con una planificaci\u00f3n urbana respetuosa y una gesti\u00f3n eficiente de los recursos. En este sentido, la ciudad quiere destacar su singularidad como destino tur\u00edstico l\u00edder que apuesta por la innovaci\u00f3n y la sostenibilidad.<\/p>  <p>El proceso de selecci\u00f3n prev\u00e9 que en julio se den a conocer las ciudades finalistas y que en octubre estas defiendan sus candidaturas en Guimar\u00e3es (Portugal). El jurado evaluar\u00e1 aspectos como la calidad del aire, la gesti\u00f3n del agua, la biodiversidad o la lucha contra el cambio clim\u00e1tico. En la edici\u00f3n anterior, Benidorm ya obtuvo altas valoraciones en estos \u00e1mbitos, aunque el galard\u00f3n fue finalmente para la ciudad neerlandesa de Assen.<\/p> ","protected":false},"excerpt":{"rendered":"<p>La ciudad refuerza su apuesta por la sostenibilidad con mejores indicadores ambientales y un proyecto m\u00e1s s\u00f3lido, tras quedar finalista el pasado a\u00f1o<\/p>\n","protected":false},"author":0,"featured_media":23832,"comment_status":"","ping_status":"open","sticky":false,"template":"","format":"standard","meta":{"_acf_changed":false,"footnotes":""},"categories":[1],"tags":[],"class_list":["post-23831","post","type-post","status-publish","format-standard","has-post-thumbnail","hentry","category-sin-categoria"],"acf":{"ser_id":"OQZWGQVBABAH5FE6K6J46R6N5A","ser_url":"https:\/\/cadenaser.com\/comunitat-valenciana\/2026\/04\/02\/benidorm-presenta-su-candidatura-al-european-green-leaf-2028-radio-benidorm\/"},"_links":{"self":[{"href":"https:\/\/serbenidorm.daliisolutions.com\/index.php\/wp-json\/wp\/v2\/posts\/23831","targetHints":{"allow":["GET"]}}],"collection":[{"href":"https:\/\/serbenidorm.daliisolutions.com\/index.php\/wp-json\/wp\/v2\/posts"}],"about":[{"href":"https:\/\/serbenidorm.daliisolutions.com\/index.php\/wp-json\/wp\/v2\/types\/post"}],"replies":[{"embeddable":true,"href":"https:\/\/serbenidorm.daliisolutions.com\/index.php\/wp-json\/wp\/v2\/comments?post=23831"}],"version-history":[{"count":0,"href":"https:\/\/serbenidorm.daliisolutions.com\/index.php\/wp-json\/wp\/v2\/posts\/23831\/revisions"}],"wp:featuredmedia":[{"embeddable":true,"href":"https:\/\/serbenidorm.daliisolutions.com\/index.php\/wp-json\/wp\/v2\/media\/23832"}],"wp:attachment":[{"href":"https:\/\/serbenidorm.daliisolutions.com\/index.php\/wp-json\/wp\/v2\/media?parent=23831"}],"wp:term":[{"taxonomy":"category","embeddable":true,"href":"https:\/\/serbenidorm.daliisolutions.com\/index.php\/wp-json\/wp\/v2\/categories?post=23831"},{"taxonomy":"post_tag","embeddable":true,"href":"https:\/\/serbenidorm.daliisolutions.com\/index.php\/wp-json\/wp\/v2\/tags?post=23831"}],"curies":[{"name":"wp","href":"https:\/\/api.w.org\/{rel}","templated":true}]}}