{"id":2431,"date":"2024-02-15T19:43:39","date_gmt":"2024-02-15T18:43:39","guid":{"rendered":"https:\/\/serbenidorm.daliisolutions.com\/index.php\/2024\/02\/15\/el-mejor-terror-llega-este-sabado-a-lauditori-de-la-nucia-con-la-mujer-de-negro\/"},"modified":"2024-02-15T19:43:39","modified_gmt":"2024-02-15T18:43:39","slug":"el-mejor-terror-llega-este-sabado-a-lauditori-de-la-nucia-con-la-mujer-de-negro","status":"publish","type":"post","link":"https:\/\/serbenidorm.daliisolutions.com\/index.php\/2024\/02\/15\/el-mejor-terror-llega-este-sabado-a-lauditori-de-la-nucia-con-la-mujer-de-negro\/","title":{"rendered":"El mejor terror llega este s\u00e1bado a l&#8217;Auditori de La Nuc\u00eda con \u201cLa Mujer de Negro\u201d"},"content":{"rendered":"  <p>La Nuc\u00eda<\/p>   <p>La misteriosa y terror\u00edfica obra teatral <a href=\"https:\/\/cadenaser.com\/tag\/la_nucia\/a\/\" target=\"_blank\" rel=\"noopener\"><i>\u201c<\/i>La Mujer de Negro\u201d<i> <\/i>llega este s\u00e1bado 17 de febrero a las 20 horas a l\u2019Auditori de La Nuc\u00eda<\/a>. Una obra basada en la novela hom\u00f3nima de la famosa escritora Susan Hill que fue adaptada por Stephen Mallatratt. Este montaje teatral dirigido por Rebeca Valls est\u00e1 protagonizado por los veteranos actores Diego Braguinsky y Jordi Ballester. <\/p>   <p>Entradas<\/p>   <p>Las entradas para ver \u201cLa Mujer de Negro\u201d en l\u00b4Auditori La Nucia tienen un precio de 15 \u20ac y de 12 \u20ac para para estudiantes; Carnet Jove; menores de 16 a\u00f1os; pensionistas y jubilados. Tambi\u00e9n hay precio especial para grupos de 10 personas de 11 euros y para grupos de 20 personas de 10 \u20ac + 1 entrada gratuita. Las entradas est\u00e1n a la venta en las taquillas de l\u00b4Auditori La Nucia y a trav\u00e9s de Instanticket.<\/p>   <p>Un montaje dirigido por Rebeca Valls<\/p>   <p>Esta adaptaci\u00f3n de \u201cLa Mujer de Negro\u201d est\u00e1 dirigida por la actriz Rebeca Valls, cuyo nombre aparece cada vez m\u00e1s en el apartado de \u2018direcci\u00f3n\u2019. En esta obra de terror, dirige a Diego Braguinsky y Jordi Ballester, quienes interpretan a un abogado y un actor que pretenden contar sobre el escenario un suceso fantasmag\u00f3rico. Actores vers\u00e1tiles para una obra compleja como esta, brillantes para manejar el drama, el suspense, y algunos toques de humor, sorpresas y, c\u00f3mo no, el terror.<\/p>   <p>Adem\u00e1s, Rebeca Valls ha querido potenciar detalles de escenograf\u00eda, vestuario y sorprender con efectos m\u00e1gicos \u201cque potencien el mundo del m\u00e1s all\u00e1\u201d y para ello ha incorporado el ilusionismo de Nacho Diago, muy apropiado todo ello para una obra como \u201cLa Mujer de Negro\u201d y una banda sonora impresionante creada por V\u00edctor Lucas, que se convierte en un protagonista m\u00e1s por la importancia de los efectos de sonido.<\/p>   <p>33 a\u00f1os en escena<\/p>   <p>\u201cLa Mujer de Negro\u201d o \u201cThe Woman In Black\u201d ha estado 33 a\u00f1os ininterrumpidos triunfando en Londres, una creaci\u00f3n que ha sido aplaudida por m\u00e1s de 10 millones de espectadores y representada en 40 pa\u00edses. Es la obra de teatro m\u00e1s longeva en la historia teatral de Londres, despu\u00e9s de \u201c<i>La Ratonera<\/i>\u201d de Agatha Christie. Una obra de teatro basada en la novela hom\u00f3nima de la famosa escritora Susan Hill que fue adaptada por Stephen Mallatratt para la escena en 1987.<\/p>   <p>Segunda <i>\u201c<\/i>Mujer de Negro\u201d en La Nuc\u00eda<\/p>   <p>Esta obra de \u201cLa Mujer de Negro\u201d tuvo en Espa\u00f1a una versi\u00f3n anterior, en el a\u00f1o 2008, protagonizada por Emilio Guti\u00e9rrez Caba y Jorge de Juan, que fue representada, con sala llena y ovaciones, en l\u00b4Auditori de La Nuc\u00eda. Ahora vuelve con nueva producci\u00f3n dirigida por Rebeca Valls y dos int\u00e9rpretes apropiados para este reto teatral como Jordi Ballester y Diego Braguinsky.<\/p> ","protected":false},"excerpt":{"rendered":"<p>Protagonizada por Jordi Ballester y Diego Braguinsky<\/p>\n","protected":false},"author":0,"featured_media":2432,"comment_status":"open","ping_status":"open","sticky":false,"template":"","format":"standard","meta":{"_acf_changed":false,"footnotes":""},"categories":[1],"tags":[],"class_list":["post-2431","post","type-post","status-publish","format-standard","has-post-thumbnail","hentry","category-sin-categoria"],"acf":{"ser_id":"NZZMFTO2DNCGTBUUD5DQOFT5BQ","ser_url":"https:\/\/cadenaser.com\/comunitat-valenciana\/2024\/02\/15\/el-mejor-terror-llega-este-sabado-a-lauditori-de-la-nucia-con-la-mujer-de-negro-radio-benidorm\/"},"_links":{"self":[{"href":"https:\/\/serbenidorm.daliisolutions.com\/index.php\/wp-json\/wp\/v2\/posts\/2431","targetHints":{"allow":["GET"]}}],"collection":[{"href":"https:\/\/serbenidorm.daliisolutions.com\/index.php\/wp-json\/wp\/v2\/posts"}],"about":[{"href":"https:\/\/serbenidorm.daliisolutions.com\/index.php\/wp-json\/wp\/v2\/types\/post"}],"replies":[{"embeddable":true,"href":"https:\/\/serbenidorm.daliisolutions.com\/index.php\/wp-json\/wp\/v2\/comments?post=2431"}],"version-history":[{"count":0,"href":"https:\/\/serbenidorm.daliisolutions.com\/index.php\/wp-json\/wp\/v2\/posts\/2431\/revisions"}],"wp:featuredmedia":[{"embeddable":true,"href":"https:\/\/serbenidorm.daliisolutions.com\/index.php\/wp-json\/wp\/v2\/media\/2432"}],"wp:attachment":[{"href":"https:\/\/serbenidorm.daliisolutions.com\/index.php\/wp-json\/wp\/v2\/media?parent=2431"}],"wp:term":[{"taxonomy":"category","embeddable":true,"href":"https:\/\/serbenidorm.daliisolutions.com\/index.php\/wp-json\/wp\/v2\/categories?post=2431"},{"taxonomy":"post_tag","embeddable":true,"href":"https:\/\/serbenidorm.daliisolutions.com\/index.php\/wp-json\/wp\/v2\/tags?post=2431"}],"curies":[{"name":"wp","href":"https:\/\/api.w.org\/{rel}","templated":true}]}}