{"id":24312,"date":"2026-04-20T20:08:54","date_gmt":"2026-04-20T18:08:54","guid":{"rendered":"https:\/\/serbenidorm.daliisolutions.com\/index.php\/2026\/04\/20\/benidorm-inicia-sin-colapsos-la-regularizacion-de-migrantes-marcada-por-dudas-sobre-el-certificado-de-vulnerabilidad\/"},"modified":"2026-04-20T20:08:54","modified_gmt":"2026-04-20T18:08:54","slug":"benidorm-inicia-sin-colapsos-la-regularizacion-de-migrantes-marcada-por-dudas-sobre-el-certificado-de-vulnerabilidad","status":"publish","type":"post","link":"https:\/\/serbenidorm.daliisolutions.com\/index.php\/2026\/04\/20\/benidorm-inicia-sin-colapsos-la-regularizacion-de-migrantes-marcada-por-dudas-sobre-el-certificado-de-vulnerabilidad\/","title":{"rendered":"Benidorm inicia sin colapsos la regularizaci\u00f3n de migrantes marcada por dudas sobre el certificado de vulnerabilidad"},"content":{"rendered":" <p>El Ayuntamiento de Benidorm ha activado este lunes la atenci\u00f3n presencial del proceso extraordinario de regularizaci\u00f3n de personas migrantes impulsado por el Gobierno de Espa\u00f1a, una medida que permanecer\u00e1 activa hasta el pr\u00f3ximo 30 de junio y que est\u00e1 generando una elevada demanda de informaci\u00f3n, aunque \u00absin colapsos\u00bb en los servicios municipales.<\/p>  <p>As\u00ed lo han explicado en una entrevista en <a href=\"https:\/\/radiobenidorm.es\" target=\"_blank\" rel=\"nofollow\" title=\"https:\/\/radiobenidorm.es\">Hoy por Hoy Benidorm <\/a>la concejala de Bienestar Social, \u00c1ngela Zaragoz\u00ed, y la t\u00e9cnico del programa PANGEA, Mari \u00c1ngeles Villar, quienes han detallado c\u00f3mo se est\u00e1 desarrollando esta jornada inicial y cu\u00e1les son las principales dudas y dificultades detectadas.<\/p>  <p>Durante la \u00faltima semana, previa al inicio de la fase presencial, los centros sociales y dependencias municipales han registrado una importante afluencia de personas migrantes interesadas en conocer los requisitos y pasos a seguir. Sin embargo, esta demanda no se ha traducido en largas colas ni en un colapso del sistema.<\/p>  <p>\u201cS\u00ed que ha habido una alta demanda de personas que est\u00e1n acudiendo a pedir informaci\u00f3n y pedir cita, pero de momento no se ha producido ese colapso\u201d, ha se\u00f1alado Villar, quien ha destacado la \u201cmucha rotaci\u00f3n\u201d en los servicios municipales.<\/p>  <p>Uno de los principales problemas se\u00f1alados por la Administraci\u00f3n Local ha sido la falta de instrucciones claras por parte del Gobierno Central, especialmente en los primeros d\u00edas del proceso.<\/p>  <p>\u201cNos hemos encontrado principalmente con la falta de informaci\u00f3n y de una instrucci\u00f3n clara\u201d, ha afirmado Zaragoz\u00ed, quien ha a\u00f1adido que esta situaci\u00f3n ha sido compartida por otros municipios.<\/p>  <p>En este contexto, el elemento que m\u00e1s dudas est\u00e1 generando es el denominado certificado de vulnerabilidad, un documento que deben emitir los Ayuntamientos o entidades acreditadas, pero que no es necesario en todos los casos.<\/p>  <p>\u201cTodo el mundo se ha ido a pedir el informe que acredite la vulnerabilidad\u201d, ha explicado Villar, quien advierte de que muchas solicitudes responden al \u201cpor si acaso\u201d, algo que puede saturar los servicios. \u201cHay muchos supuestos en los que no va a hacer falta ese certificado\u201d, ha insistido.<\/p>  <p>Para acogerse a esta regularizaci\u00f3n extraordinaria, es necesario cumplir una serie de condiciones b\u00e1sicas, como acreditar la permanencia en Espa\u00f1a antes del 1 de enero de 2026, carecer de antecedentes penales y presentar documentaci\u00f3n identificativa.<\/p>  <p>Adem\u00e1s, deber\u00e1n abonar una tasa administrativa de 38 euros y demostrar su estancia en el pa\u00eds mediante distintos documentos, no siendo el empadronamiento el \u00fanico v\u00e1lido.<\/p>  <p>El proceso contempla dos grandes bloques: el dirigido a solicitantes de asilo y el arraigo extraordinario para personas en situaci\u00f3n irregular.<\/p>  <p>Dentro de este \u00faltimo, existen varias v\u00edas, como acreditar una actividad laboral previa, presentar una oferta de empleo de m\u00e1s de 90 d\u00edas o justificar la convivencia con familiares directos.<\/p>  <p>En todos estos casos no ser\u00e1 necesario el certificado de vulnerabilidad, que queda reservado para situaciones en las que no se pueda acreditar ninguna de estas circunstancias.<\/p>  <p>\u201cSi una persona no puede reunir estos requisitos, entonces s\u00ed necesitar\u00e1 el certificado de vulnerabilidad\u201d, ha aclarado Villar.<\/p>  <p>En cuanto al perfil de las personas interesadas, desde el Ayuntamiento destacan la diversidad de nacionalidades, con una presencia significativa de poblaci\u00f3n colombiana, as\u00ed como personas procedentes de Pakist\u00e1n, India o Marruecos.<\/p>  <p>Se trata, en muchos casos, de personas que llevan tiempo residiendo en Espa\u00f1a y que ven en este proceso una oportunidad para regularizar su situaci\u00f3n.<\/p>  <p>\u201cHay mucha incertidumbre por la falta de informaci\u00f3n clara\u201d, ha apuntado Villar, quien subraya que muchas personas acuden con dudas tras recibir informaci\u00f3n contradictoria.<\/p>  <p>Ante el volumen de consultas, el Ayuntamiento de Benidorm iniciar\u00e1 este martes un ciclo de charlas informativas para aclarar dudas y orientar a las personas interesadas.<\/p>  <p>Las sesiones se celebrar\u00e1n hasta el viernes en el Sal\u00f3n de Actos del Ayuntamiento, en horario de 9:00 a 11:00 horas, y tambi\u00e9n en horario de tarde (de 17:00 a 19:00) en el Centro Social Jos\u00e9 Llorca Linares, los d\u00edas 21 y 23.<\/p>  <p>\u201cNo hace falta que venga todo el mundo a primera hora, las charlas se ir\u00e1n repitiendo en diferentes tramos\u201d, ha explicado Zaragoz\u00ed.<\/p>  <p>Desde la Concejal\u00eda de Bienestar Social subrayan su compromiso con el proceso pese a las dificultades iniciales. \u201cVamos a poner el m\u00e1ximo de nuestra parte para que sea lo m\u00e1s claro, transparente y \u00e1gil posible\u201d, ha asegurado la edil.<\/p> ","protected":false},"excerpt":{"rendered":"<p>El Ayuntamiento organiza jornadas informativas desde este martes de 9:00 a 11:00 en el Consistorio<\/p>\n","protected":false},"author":0,"featured_media":24313,"comment_status":"","ping_status":"open","sticky":false,"template":"","format":"standard","meta":{"_acf_changed":false,"footnotes":""},"categories":[1],"tags":[],"class_list":["post-24312","post","type-post","status-publish","format-standard","has-post-thumbnail","hentry","category-sin-categoria"],"acf":{"ser_id":"32WOW3GBJZAZLC52VH62GNQPMA","ser_url":"https:\/\/cadenaser.com\/comunitat-valenciana\/2026\/04\/20\/benidorm-inicia-sin-colapsos-la-regularizacion-de-migrantes-marcada-por-dudas-sobre-el-certificado-de-vulnerabilidad-radio-benidorm\/"},"_links":{"self":[{"href":"https:\/\/serbenidorm.daliisolutions.com\/index.php\/wp-json\/wp\/v2\/posts\/24312","targetHints":{"allow":["GET"]}}],"collection":[{"href":"https:\/\/serbenidorm.daliisolutions.com\/index.php\/wp-json\/wp\/v2\/posts"}],"about":[{"href":"https:\/\/serbenidorm.daliisolutions.com\/index.php\/wp-json\/wp\/v2\/types\/post"}],"replies":[{"embeddable":true,"href":"https:\/\/serbenidorm.daliisolutions.com\/index.php\/wp-json\/wp\/v2\/comments?post=24312"}],"version-history":[{"count":0,"href":"https:\/\/serbenidorm.daliisolutions.com\/index.php\/wp-json\/wp\/v2\/posts\/24312\/revisions"}],"wp:featuredmedia":[{"embeddable":true,"href":"https:\/\/serbenidorm.daliisolutions.com\/index.php\/wp-json\/wp\/v2\/media\/24313"}],"wp:attachment":[{"href":"https:\/\/serbenidorm.daliisolutions.com\/index.php\/wp-json\/wp\/v2\/media?parent=24312"}],"wp:term":[{"taxonomy":"category","embeddable":true,"href":"https:\/\/serbenidorm.daliisolutions.com\/index.php\/wp-json\/wp\/v2\/categories?post=24312"},{"taxonomy":"post_tag","embeddable":true,"href":"https:\/\/serbenidorm.daliisolutions.com\/index.php\/wp-json\/wp\/v2\/tags?post=24312"}],"curies":[{"name":"wp","href":"https:\/\/api.w.org\/{rel}","templated":true}]}}