{"id":24314,"date":"2026-04-20T20:08:55","date_gmt":"2026-04-20T18:08:55","guid":{"rendered":"https:\/\/serbenidorm.daliisolutions.com\/index.php\/2026\/04\/20\/el-servigroup-poniente-benidorm-mete-a-sus-dos-equipos-en-las-finales-nacionales\/"},"modified":"2026-04-20T20:08:55","modified_gmt":"2026-04-20T18:08:55","slug":"el-servigroup-poniente-benidorm-mete-a-sus-dos-equipos-en-las-finales-nacionales","status":"publish","type":"post","link":"https:\/\/serbenidorm.daliisolutions.com\/index.php\/2026\/04\/20\/el-servigroup-poniente-benidorm-mete-a-sus-dos-equipos-en-las-finales-nacionales\/","title":{"rendered":"El Servigroup Poniente Benidorm mete a sus dos equipos en las finales nacionales"},"content":{"rendered":" <p>El Servigroup Poniente Benidorm ha firmado un hito hist\u00f3rico al lograr que sus equipos masculino y femenino se clasifiquen para la fase final de la Liga Nacional de v\u00f3ley pPlaya tras la \u00faltima jornada disputada en Islas Canarias.<\/p>  <p>Ambos conjuntos estar\u00e1n presentes en la gran final del campeonato, que se celebrar\u00e1 el primer fin de semana de mayo, con el equipo femenino compitiendo en Madrid y el masculino en el Centro Internacional de V\u00f3ley Playa de Lorca.<\/p>  <p>La jornada comenz\u00f3 con una excelente noticia para el equipo femenino del Servigroup Poniente Benidorm, que logr\u00f3 su clasificaci\u00f3n matem\u00e1tica antes incluso de saltar a la arena gracias a la derrota del Beachbol Valencia.<\/p>  <p>Con el objetivo ya cumplido, las benidormenses afrontaron su partido ante el l\u00edder, el CVP Braveheart, cayendo por 6-1 en un encuentro marcado por las altas temperaturas y el gran nivel del rival.<\/p>  <p>En categor\u00eda masculina, el equipo tambi\u00e9n logr\u00f3 su objetivo pese a una jornada complicada. El conjunto benidormense ya ten\u00eda asegurada su presencia en la fase final, pero luchaba por mantener el liderato de la liga regular.<\/p>  <p>El desplazamiento a Canarias estuvo condicionado por problemas log\u00edsticos, con cancelaciones de vuelos que afectaron a la preparaci\u00f3n. Adem\u00e1s, durante la competici\u00f3n se produjeron incidencias f\u00edsicas importantes: Ra\u00fal Mesa sufri\u00f3 una lesi\u00f3n que le impidi\u00f3 continuar, mientras que Isaac Levinson tuvo que sobreponerse a un golpe de calor.<\/p>  <p>Pese a estas dificultades, el Servigroup Poniente Benidorm cay\u00f3 por un ajustado 4-3 frente al Net7 Gran Canaria, resultado que le permiti\u00f3 asegurar la segunda posici\u00f3n en la clasificaci\u00f3n general y, con ello, su plaza en la fase final.<\/p>  <p>Tras el encuentro, Ra\u00fal Mesa se mostr\u00f3 optimista respecto a sus opciones en la fase decisiva, confiando en poder recuperarse a tiempo para competir al m\u00e1ximo nivel.<\/p>  <p>El doble billete para la fase final confirma el gran momento del club de Benidorm, que afronta ahora el reto con ilusi\u00f3n, ambici\u00f3n y la experiencia de haber conquistado el t\u00edtulo en la pasada edici\u00f3n.<\/p>  <p>Con ambos equipos en la lucha por el campeonato, el objetivo del Servigroup Poniente Benidorm est\u00e1 claro: volver a pelear por el t\u00edtulo y seguir haciendo historia para el v\u00f3ley playa benidormense.<\/p> ","protected":false},"excerpt":{"rendered":"<p>Asentado en la \u00e9lite del v\u00f3ley playa, el proyecto de Ra\u00fal Mesa logra el primer gran objetivo de la temporada<\/p>\n","protected":false},"author":0,"featured_media":24315,"comment_status":"","ping_status":"open","sticky":false,"template":"","format":"standard","meta":{"_acf_changed":false,"footnotes":""},"categories":[16],"tags":[],"class_list":["post-24314","post","type-post","status-publish","format-standard","has-post-thumbnail","hentry","category-deportes"],"acf":{"ser_id":"AY6DG2QFLREE7NIEJMAVFYCCHY","ser_url":"https:\/\/cadenaser.com\/comunitat-valenciana\/2026\/04\/20\/el-servigroup-poniente-benidorm-mete-a-sus-dos-equipos-en-las-finales-nacionales-radio-benidorm\/"},"_links":{"self":[{"href":"https:\/\/serbenidorm.daliisolutions.com\/index.php\/wp-json\/wp\/v2\/posts\/24314","targetHints":{"allow":["GET"]}}],"collection":[{"href":"https:\/\/serbenidorm.daliisolutions.com\/index.php\/wp-json\/wp\/v2\/posts"}],"about":[{"href":"https:\/\/serbenidorm.daliisolutions.com\/index.php\/wp-json\/wp\/v2\/types\/post"}],"replies":[{"embeddable":true,"href":"https:\/\/serbenidorm.daliisolutions.com\/index.php\/wp-json\/wp\/v2\/comments?post=24314"}],"version-history":[{"count":0,"href":"https:\/\/serbenidorm.daliisolutions.com\/index.php\/wp-json\/wp\/v2\/posts\/24314\/revisions"}],"wp:featuredmedia":[{"embeddable":true,"href":"https:\/\/serbenidorm.daliisolutions.com\/index.php\/wp-json\/wp\/v2\/media\/24315"}],"wp:attachment":[{"href":"https:\/\/serbenidorm.daliisolutions.com\/index.php\/wp-json\/wp\/v2\/media?parent=24314"}],"wp:term":[{"taxonomy":"category","embeddable":true,"href":"https:\/\/serbenidorm.daliisolutions.com\/index.php\/wp-json\/wp\/v2\/categories?post=24314"},{"taxonomy":"post_tag","embeddable":true,"href":"https:\/\/serbenidorm.daliisolutions.com\/index.php\/wp-json\/wp\/v2\/tags?post=24314"}],"curies":[{"name":"wp","href":"https:\/\/api.w.org\/{rel}","templated":true}]}}