{"id":24316,"date":"2026-04-20T20:08:56","date_gmt":"2026-04-20T18:08:56","guid":{"rendered":"https:\/\/serbenidorm.daliisolutions.com\/index.php\/2026\/04\/20\/un-mal-primer-cuarto-condena-al-terralfas-ante-el-godella\/"},"modified":"2026-04-20T20:08:56","modified_gmt":"2026-04-20T18:08:56","slug":"un-mal-primer-cuarto-condena-al-terralfas-ante-el-godella","status":"publish","type":"post","link":"https:\/\/serbenidorm.daliisolutions.com\/index.php\/2026\/04\/20\/un-mal-primer-cuarto-condena-al-terralfas-ante-el-godella\/","title":{"rendered":"Un mal primer cuarto condena al Terralf\u00e0s ante el Godella"},"content":{"rendered":" <p>Dec\u00eda M\u00aa Carmen Burgos, entrenadora del Terralf\u00e0s, en la previa del partido de ida de los cuartos de final por el ascenso ante el Godella, que cualquier resultado con una diferencia en el entorno de los diez puntos arriba o abajo iba a dejar la eliminatoria muy abierta de cara al choque de vuelta. Su equipo acab\u00f3 cayendo de 14 (60-74) y, por lo tanto, fuera de esa \u2018zona de seguridad\u2019 marcada previamente por su entrenadora. Sin embargo, visto lo visto sobre la cancha del Pabell\u00f3n Pau Gasol, hay motivos, al menos, para la esperanza.<\/p>  <p>La derrota del Terralf\u00e0s se sustanci\u00f3 en un muy mal arranque de partido. En un primer cuarto que se cerr\u00f3 con un terrible 9-23 para las visitantes que obligaba a las alfasinas a jugar el resto del encuentro a la contra y con la misi\u00f3n casi imposible no ya de volver a meterse en el choque, sino en la propia eliminatoria.<\/p>  <p>De nuevo, como han sabido hacer durante toda la temporada, las alfasinas supieron encontrar una excelencia en el juego que les permiti\u00f3 marcharse \u2018vivas\u2019 al descanso ya que, tras superar esa profunda crisis inicial, supieron anotarse el segundo cuarto con un parcial de 18-13 que mandaba a los dos rivales a los vestuarios con una diferencia de s\u00f3lo cuatro puntos (27-31) que hac\u00eda creer en el milagro.<\/p>  <p>Tras la reanudaci\u00f3n, las valencianas volvieron a entrar muy enchufadas a la pista y con un nuevo parcial abultado (13-22) pon\u00edan tierra de por medio para dar paso a un cuarto final que volvi\u00f3 a caer del lado alfasino (20-16) dejando ese resultado final de 60-74 que, quiz\u00e1s, fuera demasiado abultado para lo visto sobre la pista.<\/p>  <p>Pese a la derrota, el partido tambi\u00e9n dej\u00f3 buenas noticias como el hecho de que la local Irene Valverde, con 18 puntos y una valoraci\u00f3n de 26, le gan\u00f3 su duelo particular a toda una leyenda del baloncesto nacional como Mar\u00eda Pina, que cerr\u00f3 su partido con 14 puntos y una valoraci\u00f3n de 21.<\/p>  <p>Con claro favoritismo valenciano, Terralf\u00e0s y Godella disputar\u00e1n el partido de vuelta de estos cuartos de final el pr\u00f3ximo domingo a las 18:00 horas.<\/p>  <p>Por su parte, el Servigroup Benidorm cerr\u00f3 con derrota su concurso en la fase regular de la Tercera FEB en un partido disputado en el Palau d\u2019Esports y en el que los de Nico S\u00e1nchez acabaron cayendo ante el Alginet por 76-88, permitiendo as\u00ed que el l\u00edder cerrara su periplo por esta fase de la competici\u00f3n con pleno de victorias.<\/p>  <p>En todo caso, el resultado de este partido era pr\u00e1cticamente intrascendente toda vez que los dos rivales ya hab\u00edan conseguido su pase matem\u00e1tico a los play-off de ascenso.<\/p> ","protected":false},"excerpt":{"rendered":"<p>La alfasina Irene Valverde gana su particular duelo a la leyenda Mar\u00eda Pina<\/p>\n","protected":false},"author":0,"featured_media":24317,"comment_status":"","ping_status":"open","sticky":false,"template":"","format":"standard","meta":{"_acf_changed":false,"footnotes":""},"categories":[16],"tags":[],"class_list":["post-24316","post","type-post","status-publish","format-standard","has-post-thumbnail","hentry","category-deportes"],"acf":{"ser_id":"M7HV5DILGRDQNHA26ULOTC6OAA","ser_url":"https:\/\/cadenaser.com\/comunitat-valenciana\/2026\/04\/20\/un-mal-primer-cuarto-condena-al-terralfas-ante-el-godella-radio-benidorm\/"},"_links":{"self":[{"href":"https:\/\/serbenidorm.daliisolutions.com\/index.php\/wp-json\/wp\/v2\/posts\/24316","targetHints":{"allow":["GET"]}}],"collection":[{"href":"https:\/\/serbenidorm.daliisolutions.com\/index.php\/wp-json\/wp\/v2\/posts"}],"about":[{"href":"https:\/\/serbenidorm.daliisolutions.com\/index.php\/wp-json\/wp\/v2\/types\/post"}],"replies":[{"embeddable":true,"href":"https:\/\/serbenidorm.daliisolutions.com\/index.php\/wp-json\/wp\/v2\/comments?post=24316"}],"version-history":[{"count":0,"href":"https:\/\/serbenidorm.daliisolutions.com\/index.php\/wp-json\/wp\/v2\/posts\/24316\/revisions"}],"wp:featuredmedia":[{"embeddable":true,"href":"https:\/\/serbenidorm.daliisolutions.com\/index.php\/wp-json\/wp\/v2\/media\/24317"}],"wp:attachment":[{"href":"https:\/\/serbenidorm.daliisolutions.com\/index.php\/wp-json\/wp\/v2\/media?parent=24316"}],"wp:term":[{"taxonomy":"category","embeddable":true,"href":"https:\/\/serbenidorm.daliisolutions.com\/index.php\/wp-json\/wp\/v2\/categories?post=24316"},{"taxonomy":"post_tag","embeddable":true,"href":"https:\/\/serbenidorm.daliisolutions.com\/index.php\/wp-json\/wp\/v2\/tags?post=24316"}],"curies":[{"name":"wp","href":"https:\/\/api.w.org\/{rel}","templated":true}]}}