{"id":24318,"date":"2026-04-20T20:08:56","date_gmt":"2026-04-20T18:08:56","guid":{"rendered":"https:\/\/serbenidorm.daliisolutions.com\/index.php\/2026\/04\/20\/omar-albinana-debuta-con-podio-en-zuera\/"},"modified":"2026-04-20T20:08:56","modified_gmt":"2026-04-20T18:08:56","slug":"omar-albinana-debuta-con-podio-en-zuera","status":"publish","type":"post","link":"https:\/\/serbenidorm.daliisolutions.com\/index.php\/2026\/04\/20\/omar-albinana-debuta-con-podio-en-zuera\/","title":{"rendered":"Omar Albi\u00f1ana debuta con podio en Zuera"},"content":{"rendered":" <p>El joven piloto alfasino Omar Albi\u00f1ana ha vuelto a dar una buena muestra del enorme potencial que ha venido desarrollando en su todav\u00eda incipiente carrera en los circuitos tras colarse en el podio de su primera prueba en la MIR Racing Aspar, que se pon\u00eda en marcha este fin de semana en el trazado aragon\u00e9s de Zuera.<\/p>  <p>Omar Albi\u00f1ana se med\u00eda por primera vez, tras dar el salto a este certamen en la categor\u00eda de GP10, a los que ser\u00e1n sus rivales a lo largo de la presente campa\u00f1a y, aunque poco pudo hacer para evitar la demostraci\u00f3n de Daniel Hidalgo, que se erigi\u00f3 como el gran dominador del fin de semana, el alfasino rod\u00f3 con tiempos muy constantes y acab\u00f3 por cerrar las dos mangas en la tercera posici\u00f3n, logrando as\u00ed un m\u00e1s que meritorio podio por detr\u00e1s del ya mencionado Daniel Hidalgo y de Mario Negre, que tambi\u00e9n clav\u00f3 tiempos para ser segundo en las dos carreras.<\/p> ","protected":false},"excerpt":{"rendered":"<p>El joven piloto alfasino protagoniz\u00f3 un bonito duelo con Daniel Hidalgo y Mario Negre<\/p>\n","protected":false},"author":0,"featured_media":24319,"comment_status":"","ping_status":"open","sticky":false,"template":"","format":"standard","meta":{"_acf_changed":false,"footnotes":""},"categories":[16],"tags":[],"class_list":["post-24318","post","type-post","status-publish","format-standard","has-post-thumbnail","hentry","category-deportes"],"acf":{"ser_id":"XSSS4WVT75BRDLHJ5CUU4HUC2M","ser_url":"https:\/\/cadenaser.com\/comunitat-valenciana\/2026\/04\/20\/omar-albinana-debuta-con-podio-en-zuera-radio-benidorm\/"},"_links":{"self":[{"href":"https:\/\/serbenidorm.daliisolutions.com\/index.php\/wp-json\/wp\/v2\/posts\/24318","targetHints":{"allow":["GET"]}}],"collection":[{"href":"https:\/\/serbenidorm.daliisolutions.com\/index.php\/wp-json\/wp\/v2\/posts"}],"about":[{"href":"https:\/\/serbenidorm.daliisolutions.com\/index.php\/wp-json\/wp\/v2\/types\/post"}],"replies":[{"embeddable":true,"href":"https:\/\/serbenidorm.daliisolutions.com\/index.php\/wp-json\/wp\/v2\/comments?post=24318"}],"version-history":[{"count":0,"href":"https:\/\/serbenidorm.daliisolutions.com\/index.php\/wp-json\/wp\/v2\/posts\/24318\/revisions"}],"wp:featuredmedia":[{"embeddable":true,"href":"https:\/\/serbenidorm.daliisolutions.com\/index.php\/wp-json\/wp\/v2\/media\/24319"}],"wp:attachment":[{"href":"https:\/\/serbenidorm.daliisolutions.com\/index.php\/wp-json\/wp\/v2\/media?parent=24318"}],"wp:term":[{"taxonomy":"category","embeddable":true,"href":"https:\/\/serbenidorm.daliisolutions.com\/index.php\/wp-json\/wp\/v2\/categories?post=24318"},{"taxonomy":"post_tag","embeddable":true,"href":"https:\/\/serbenidorm.daliisolutions.com\/index.php\/wp-json\/wp\/v2\/tags?post=24318"}],"curies":[{"name":"wp","href":"https:\/\/api.w.org\/{rel}","templated":true}]}}