{"id":24405,"date":"2026-04-25T20:17:24","date_gmt":"2026-04-25T18:17:24","guid":{"rendered":"https:\/\/serbenidorm.daliisolutions.com\/index.php\/2026\/04\/25\/mas-de-5-000-penistas-de-benidorm-se-citan-este-fin-de-semana-en-la-acampada-con-mas-seguridad\/"},"modified":"2026-04-25T20:17:24","modified_gmt":"2026-04-25T18:17:24","slug":"mas-de-5-000-penistas-de-benidorm-se-citan-este-fin-de-semana-en-la-acampada-con-mas-seguridad","status":"publish","type":"post","link":"https:\/\/serbenidorm.daliisolutions.com\/index.php\/2026\/04\/25\/mas-de-5-000-penistas-de-benidorm-se-citan-este-fin-de-semana-en-la-acampada-con-mas-seguridad\/","title":{"rendered":"M\u00e1s de 5.000 pe\u00f1istas de Benidorm se citan este fin de semana en la Acampada con m\u00e1s seguridad"},"content":{"rendered":" <p>El recinto de la avenida de Juan Pablo II acoge desde primera hora de este viernes la tradicional \u2018Acampada de les Penyes\u2019, una celebraci\u00f3n que prev\u00e9 congregar hasta el domingo por la tarde a alrededor de 5.000 personas, entre adultos y ni\u00f1os. <\/p>  <p>Seg\u00fan los datos que maneja la Associaci\u00f3 de Penyes, este a\u00f1o se han inscrito para participar en la Acampada 210 pe\u00f1as que ocupar\u00e1n las 310 parcelas habilitadas en el recinto para las carpas y toldos. <\/p>  <p>Para facilitar los accesos y la movilidad de las personas que se desplacen para este evento, a trav\u00e9s de concejal\u00edas como Fiestas, Movilidad y Seguridad Ciudadana se ha dise\u00f1ado un dispositivo espec\u00edfico, que incluir\u00e1 una parada de taxis delante del recinto, servicio especial de Polic\u00eda Local, as\u00ed como dos grandes \u00e1reas para el aparcamiento de veh\u00edculos: una junto al recinto y otra enfrente del mismo, cuyas entradas y salidas se se\u00f1alizar\u00e1n debidamente para que sean visibles para los conductores. <\/p>  <p>Asimismo, desde el Consistorio se recuerda que, como en a\u00f1os anteriores, est\u00e1 prohibido estacionar veh\u00edculos en las aceras de la avenida as\u00ed como en toda la parte frontal del recinto, reservada para las paradas especiales de bus y taxi y para los veh\u00edculos de Polic\u00eda Local o servicios sanitarios y de emergencias, pudi\u00e9ndose proceder a la retirada mediante gr\u00faa de coches, ciclomotores o motocicletas que est\u00e9n estacionados de forma indebida. <\/p>  <p>Tambi\u00e9n habr\u00e1 un servicio extraordinario de autob\u00fas para que los pe\u00f1istas puedan desplazarse desde cualquier punto de la ciudad hasta la zona de El Murtal sin necesidad de hacerlo en veh\u00edculo propio. En concreto, durante los d\u00edas 24, 25 y 26 de abril, <a href=\"https:\/\/cadenaser.com\/tag\/benidorm\/a\/\" target=\"_blank\" rel=\"nofollow\" title=\"https:\/\/cadenaser.com\/tag\/benidorm\/a\/\">el servicio ordinario de las l\u00edneas 2 y 3 se prolongar\u00e1 hasta las 01.30 horas, con parada en la avenida Alcalde Vicente P\u00e9rez Devesa esquina con Juan Pablo II. Desde esta misma parada saldr\u00e1n autobuses hacia el centro a las 06.00 y las 06.30 horas tanto el s\u00e1bado como el domingo<\/a>. Asimismo, partir de las 07.00 horas operar\u00e1 el servicio habitual de la l\u00ednea 2 tambi\u00e9n desde esta parada. <\/p>  <p>Dentro de los preparativos del recinto, tambi\u00e9n se han habilitado puntos de luz y agua, m\u00f3dulos de aseos y otros servicios. Como en a\u00f1os anteriores, se ha desbrozado la parcela y se recuerda que no se puede hacer fuego ni en el suelo ni en barbacoas, ni tampoco se pueden utilizar planchas el\u00e9ctricas. S\u00f3lo est\u00e1 permitido el uso de gas. Desde el Consistorio se pide la colaboraci\u00f3n de los pe\u00f1istas para que, al t\u00e9rmino de este evento el recinto quede totalmente limpio y libre de residuos, deposit\u00e1ndose toda la basura en los contenedores instalados en la zona de acceso a la Acampada, donde tambi\u00e9n va a haber un refuerzo del servicio de limpieza y recogida de residuos.<\/p>  <p>Para mejorar la seguridad y bienestar de todos los pe\u00f1istas dentro del recinto, la Associaci\u00f3 de Penyes va a poner en marcha este a\u00f1o nuevas medidas de control de aforo, que incluyen el vallado perimetral de toda la zona de la Acampada, que tambi\u00e9n ha sido revisado por la Polic\u00eda Local. Asimismo, se reforzar\u00e1 la seguridad con vigilancia privada y solo se permitir\u00e1 la entrada a las personas que est\u00e9n dadas de alta en la Associaci\u00f3 como pe\u00f1istas activos y dispongan de las pulseras identificativas que este a\u00f1o ha repartido la junta directiva. <\/p>  <p>Fuentes del colectivo han explicado que habr\u00e1 dos tipos de pulsera, una para adultos y otra para menores de edad, y que las mismas deber\u00e1n estar visibles en todo momento, impidi\u00e9ndose la entrada a quien no vaya debidamente identificado. <\/p>  <p>Por otro lado, para reforzar la labor de concienciaci\u00f3n sobre el consumo responsable de alcohol y otras sustancias y evitar su consumo en menores de edad, un a\u00f1o m\u00e1s la Unidad de Prevenci\u00f3n Comunitaria en Conductas Adictivas (UPCCA) desplegar\u00e1 el s\u00e1bado por la ma\u00f1ana la campa\u00f1a \u2018Coneixement\u2019. La acci\u00f3n se desarrollar\u00e1 entre las 11.30 y las 13.30 horas y, adem\u00e1s de ofrecer informaci\u00f3n, tambi\u00e9n invitar\u00e1 a degustar c\u00f3cteles sin alcohol y montar\u00e1 su tradicional fotocol para que los pe\u00f1istas compartan sus fotos en redes sociales, seg\u00fan ha explicado la concejal de Bienestar Social y de Igualdad, \u00c1ngela Zaragoz\u00ed. <\/p>  <p>Tambi\u00e9n se instalar\u00e1 un Punto Violeta, que operar\u00e1 el viernes y el s\u00e1bado por la ma\u00f1ana y por la noche, para promover una fiesta libre de acoso sexual. Zaragoz\u00ed ha explicado que en este Punto Violeta, adem\u00e1s de repartir tapas de vaso y otros elementos de merchandising, por primera vez se va a contar con las conocidas como \u2018pulseras centinela\u2019, que cambian de color cuando detectan la presencia de sustancias nocivas en las bebidas y pueden ayudar a evitar posibles casos de sumisi\u00f3n qu\u00edmica. <\/p> ","protected":false},"excerpt":{"rendered":"<p>Este a\u00f1o se incorporan novedades como el vallado del recinto de Juan Pablo II o la identificaci\u00f3n personal con pulseras<\/p>\n","protected":false},"author":0,"featured_media":24406,"comment_status":"","ping_status":"open","sticky":false,"template":"","format":"standard","meta":{"_acf_changed":false,"footnotes":""},"categories":[1],"tags":[],"class_list":["post-24405","post","type-post","status-publish","format-standard","has-post-thumbnail","hentry","category-sin-categoria"],"acf":{"ser_id":"IW5EVP7DQBEQTLPRVTUBFN62X4","ser_url":"https:\/\/cadenaser.com\/comunitat-valenciana\/2026\/04\/24\/mas-de-5000-penistas-de-benidorm-se-citan-este-fin-de-semana-en-la-acampada-con-mas-seguridad-radio-benidorm\/"},"_links":{"self":[{"href":"https:\/\/serbenidorm.daliisolutions.com\/index.php\/wp-json\/wp\/v2\/posts\/24405","targetHints":{"allow":["GET"]}}],"collection":[{"href":"https:\/\/serbenidorm.daliisolutions.com\/index.php\/wp-json\/wp\/v2\/posts"}],"about":[{"href":"https:\/\/serbenidorm.daliisolutions.com\/index.php\/wp-json\/wp\/v2\/types\/post"}],"replies":[{"embeddable":true,"href":"https:\/\/serbenidorm.daliisolutions.com\/index.php\/wp-json\/wp\/v2\/comments?post=24405"}],"version-history":[{"count":0,"href":"https:\/\/serbenidorm.daliisolutions.com\/index.php\/wp-json\/wp\/v2\/posts\/24405\/revisions"}],"wp:featuredmedia":[{"embeddable":true,"href":"https:\/\/serbenidorm.daliisolutions.com\/index.php\/wp-json\/wp\/v2\/media\/24406"}],"wp:attachment":[{"href":"https:\/\/serbenidorm.daliisolutions.com\/index.php\/wp-json\/wp\/v2\/media?parent=24405"}],"wp:term":[{"taxonomy":"category","embeddable":true,"href":"https:\/\/serbenidorm.daliisolutions.com\/index.php\/wp-json\/wp\/v2\/categories?post=24405"},{"taxonomy":"post_tag","embeddable":true,"href":"https:\/\/serbenidorm.daliisolutions.com\/index.php\/wp-json\/wp\/v2\/tags?post=24405"}],"curies":[{"name":"wp","href":"https:\/\/api.w.org\/{rel}","templated":true}]}}