{"id":24407,"date":"2026-04-25T20:17:24","date_gmt":"2026-04-25T18:17:24","guid":{"rendered":"https:\/\/serbenidorm.daliisolutions.com\/index.php\/2026\/04\/25\/el-festival-de-coros-de-lalfas-volvera-a-romper-moldes-en-su-15a-edicion\/"},"modified":"2026-04-25T20:17:24","modified_gmt":"2026-04-25T18:17:24","slug":"el-festival-de-coros-de-lalfas-volvera-a-romper-moldes-en-su-15a-edicion","status":"publish","type":"post","link":"https:\/\/serbenidorm.daliisolutions.com\/index.php\/2026\/04\/25\/el-festival-de-coros-de-lalfas-volvera-a-romper-moldes-en-su-15a-edicion\/","title":{"rendered":"El Festival de Coros de l\u2019Alf\u00e0s volver\u00e1 a romper moldes en su 15\u00aa edici\u00f3n"},"content":{"rendered":" <p>El Festival Internacional de Coros de l\u2019Alf\u00e0s del Pi alcanza su 15\u00aa edici\u00f3n convertido en mucho m\u00e1s que una cita musical: es una experiencia para sentir, descubrir y dejarse sorprender. En este nuevo episodio de A Vivir Benidorm, su director, Jos\u00e9 Antonio Rubio, habla sobre un evento que, fiel a su esencia, vuelve a romper moldes y a demostrar que la m\u00fasica coral no entiende de etiquetas.<\/p>  <p>Lejos de encasillarse en lo tradicional, el festival propone un viaje que conecta pasado y presente, ra\u00edces y modernidad. Habaneras, boleros y piezas que evocan el Mediterr\u00e1neo conviven con versiones inesperadas de grandes iconos de la m\u00fasica popular. Porque aqu\u00ed, como defiende Rubio, lo importante no es el g\u00e9nero, sino la emoci\u00f3n: esa capacidad de la m\u00fasica para transportarnos, para ponernos la piel de gallina y para hablarnos sin necesidad de palabras.<\/p>  <p>La edici\u00f3n de este a\u00f1o, que se celebrar\u00e1 los d\u00edas 8 y 9 de mayo en la Casa de Cultura de l\u2019Alf\u00e0s del Pi, tiene adem\u00e1s un marcado car\u00e1cter joven. El objetivo es claro: abrir la puerta de la m\u00fasica coral a nuevas generaciones, demostrar que tambi\u00e9n es para ellas y que puede ser tan vibrante como cualquier otro estilo. Desde reinterpretaciones contempor\u00e1neas hasta propuestas que invitan incluso a levantarse de la butaca, el festival busca provocar, sorprender y, sobre todo, sembrar la curiosidad.<\/p>  <p>En ese camino, la programaci\u00f3n apuesta por la diversidad cultural que define a la Marina Baixa. Agrupaciones locales e internacionales se dan la mano en un escenario donde lo tradicional se mezcla con lo global, reflejando la riqueza de un territorio abierto al mundo. Todo ello, adem\u00e1s, en el marco del D\u00eda de Europa, reforzando ese esp\u00edritu de uni\u00f3n a trav\u00e9s de la m\u00fasica.<\/p>  <p>Como adelanto, el propio coro anfitri\u00f3n, L\u2019Alf\u00e0s Canta, ofrecer\u00e1 un repertorio que va desde la emoci\u00f3n de una habanera hasta gui\u00f1os a artistas tan dispares como ABBA, Rosal\u00eda o Nino Bravo. Una combinaci\u00f3n valiente que resume a la perfecci\u00f3n la filosof\u00eda del festival: emocionar sin prejuicios.<\/p>  <p>Y es que, como se escucha en la conversaci\u00f3n, la m\u00fasica evoluciona con su tiempo. Lo que hoy puede parecer arriesgado, ma\u00f1ana ser\u00e1 la puerta de entrada para nuevos p\u00fablicos. As\u00ed ocurri\u00f3 con grandes hitos del pasado, y as\u00ed sigue ocurriendo con propuestas como esta, que apuestan por acercar la m\u00fasica coral a todos.<\/p>  <p>Adem\u00e1s, el festival mantiene una de sus se\u00f1as de identidad m\u00e1s importantes: su car\u00e1cter solidario. En esta ocasi\u00f3n, toda la recaudaci\u00f3n se destinar\u00e1 a la asociaci\u00f3n Amicitia, reforzando el compromiso social de un evento que entiende la cultura tambi\u00e9n como herramienta de ayuda y transformaci\u00f3n.<\/p> ","protected":false},"excerpt":{"rendered":"<p>La cita apuesta por una propuesta joven, diversa y solidaria que une tradici\u00f3n y m\u00fasica actual para conquistar nuevos p\u00fablicos en la Marina Baixa<\/p>\n","protected":false},"author":0,"featured_media":24408,"comment_status":"","ping_status":"open","sticky":false,"template":"","format":"standard","meta":{"_acf_changed":false,"footnotes":""},"categories":[1],"tags":[],"class_list":["post-24407","post","type-post","status-publish","format-standard","has-post-thumbnail","hentry","category-sin-categoria"],"acf":{"ser_id":"YQUNLEGKCFAXFDPNVFZPONLRSA","ser_url":"https:\/\/cadenaser.com\/comunitat-valenciana\/2026\/04\/25\/el-festival-de-coros-de-lalfas-volvera-a-romper-moldes-en-su-15-edicion-radio-benidorm\/"},"_links":{"self":[{"href":"https:\/\/serbenidorm.daliisolutions.com\/index.php\/wp-json\/wp\/v2\/posts\/24407","targetHints":{"allow":["GET"]}}],"collection":[{"href":"https:\/\/serbenidorm.daliisolutions.com\/index.php\/wp-json\/wp\/v2\/posts"}],"about":[{"href":"https:\/\/serbenidorm.daliisolutions.com\/index.php\/wp-json\/wp\/v2\/types\/post"}],"replies":[{"embeddable":true,"href":"https:\/\/serbenidorm.daliisolutions.com\/index.php\/wp-json\/wp\/v2\/comments?post=24407"}],"version-history":[{"count":0,"href":"https:\/\/serbenidorm.daliisolutions.com\/index.php\/wp-json\/wp\/v2\/posts\/24407\/revisions"}],"wp:featuredmedia":[{"embeddable":true,"href":"https:\/\/serbenidorm.daliisolutions.com\/index.php\/wp-json\/wp\/v2\/media\/24408"}],"wp:attachment":[{"href":"https:\/\/serbenidorm.daliisolutions.com\/index.php\/wp-json\/wp\/v2\/media?parent=24407"}],"wp:term":[{"taxonomy":"category","embeddable":true,"href":"https:\/\/serbenidorm.daliisolutions.com\/index.php\/wp-json\/wp\/v2\/categories?post=24407"},{"taxonomy":"post_tag","embeddable":true,"href":"https:\/\/serbenidorm.daliisolutions.com\/index.php\/wp-json\/wp\/v2\/tags?post=24407"}],"curies":[{"name":"wp","href":"https:\/\/api.w.org\/{rel}","templated":true}]}}