{"id":24409,"date":"2026-04-25T20:17:24","date_gmt":"2026-04-25T18:17:24","guid":{"rendered":"https:\/\/serbenidorm.daliisolutions.com\/index.php\/2026\/04\/25\/42-kilometros-y-42-corazones-contra-el-cancer\/"},"modified":"2026-04-25T20:17:24","modified_gmt":"2026-04-25T18:17:24","slug":"42-kilometros-y-42-corazones-contra-el-cancer","status":"publish","type":"post","link":"https:\/\/serbenidorm.daliisolutions.com\/index.php\/2026\/04\/25\/42-kilometros-y-42-corazones-contra-el-cancer\/","title":{"rendered":"42 kil\u00f3metros y 42 corazones contra el c\u00e1ncer"},"content":{"rendered":" <p>El deporte puede ser muchas cosas: superaci\u00f3n personal, salud, reto f\u00edsico\u2026 pero tambi\u00e9n puede convertirse en un poderoso altavoz para la solidaridad. En este episodio de A Vivir Benidorm, la emoci\u00f3n toma el protagonismo con una historia que une esfuerzo, compromiso y esperanza: la del padre Jaume Benaloy y su desaf\u00edo \u201c42 corazones para no rendirse\u201d.<\/p>  <p>Este domingo, en el Marat\u00f3n de Madrid, no correr\u00e1 solo. Aunque f\u00edsicamente sea \u00e9l quien recorra los 42 kil\u00f3metros, simb\u00f3licamente lo har\u00e1 acompa\u00f1ado de 42 mujeres de la asociaci\u00f3n An\u00e9mona de Benidorm y la Marina Baixa. Cada kil\u00f3metro tendr\u00e1 un nombre, una historia y una raz\u00f3n para seguir adelante, incluso cuando el cansancio apriete y la mente dude.<\/p>  <p>La iniciativa nace de una idea sencilla pero profundamente significativa: transformar una prueba deportiva en una met\u00e1fora de vida. Porque, como explica el propio Jaume, el marat\u00f3n se parece mucho al camino que recorren las mujeres que luchan contra el c\u00e1ncer de mama. Hay momentos de fuerza, de ilusi\u00f3n y energ\u00eda, pero tambi\u00e9n aparecen el desgaste, las dudas y los miedos. Y es precisamente ah\u00ed donde cobra sentido el lema: no rendirse.<\/p>  <p>Para no olvidar ese prop\u00f3sito en plena carrera, el reto est\u00e1 cuidado hasta el \u00faltimo detalle. Los nombres de esas 42 mujeres no solo estar\u00e1n visibles en su camiseta, sino tambi\u00e9n escritos en los geles que utilizar\u00e1 durante la prueba. Cada parada para recuperar fuerzas ser\u00e1 tambi\u00e9n un momento para recordar por qui\u00e9n corre, para reconectar con el motivo que le empuja a seguir.<\/p>  <p>Desde An\u00e9mona, su presidenta, Mar\u00eda Botella, destaca la importancia de este tipo de gestos. M\u00e1s all\u00e1 de la recaudaci\u00f3n econ\u00f3mica, que es fundamental para continuar con su labor de apoyo e investigaci\u00f3n, iniciativas como esta suponen un impulso an\u00edmico enorme para quienes est\u00e1n atravesando la enfermedad. Sentirse acompa\u00f1adas, visibles y respaldadas marca la diferencia.<\/p>  <p>Y es que ese es uno de los mensajes que deja esta conversaci\u00f3n: detr\u00e1s de cada historia hay personas normales, con miedos y fortalezas, que cada d\u00eda libran su propia carrera. No hay superh\u00e9roes, solo valent\u00eda cotidiana. Por eso, acciones como la de Jaume conectan de forma tan directa, porque nacen desde la empat\u00eda y el compromiso real.<\/p>  <p>El reto, adem\u00e1s, est\u00e1 abierto a la participaci\u00f3n de toda la sociedad. A trav\u00e9s de las redes sociales y la web de An\u00e9mona, cualquiera puede colaborar con esta causa solidaria, aportando su granito de arena para seguir apoyando a las mujeres afectadas.<\/p>  <p>Con experiencia previa en maratones, pero afrontando este como un desaf\u00edo especialmente emocional, Jaume tiene claro que la meta va mucho m\u00e1s all\u00e1 del cron\u00f3metro. Terminar ser\u00e1 importante, s\u00ed, pero el verdadero logro ya est\u00e1 en el camino recorrido, en los meses de preparaci\u00f3n y en el impacto que esta iniciativa est\u00e1 generando.<\/p>  <p>Porque al final, como se desprende de este episodio, la vida \u2014como un marat\u00f3n\u2014 es una suma de peque\u00f1os pasos, de momentos de esfuerzo y de otros de celebraci\u00f3n. Y cuando se corre por algo m\u00e1s grande que uno mismo, cada kil\u00f3metro cobra un sentido mucho m\u00e1s profundo.<\/p> ","protected":false},"excerpt":{"rendered":"<p>El padre Jaume Benaloy corre el Marat\u00f3n de Madrid por las mujeres de An\u00e9mona en un reto solidario que une deporte, emoci\u00f3n y esperanza<\/p>\n","protected":false},"author":0,"featured_media":24410,"comment_status":"","ping_status":"open","sticky":false,"template":"","format":"standard","meta":{"_acf_changed":false,"footnotes":""},"categories":[1],"tags":[],"class_list":["post-24409","post","type-post","status-publish","format-standard","has-post-thumbnail","hentry","category-sin-categoria"],"acf":{"ser_id":"ED6R26KZUZH65MUSB45IDLK2TQ","ser_url":"https:\/\/cadenaser.com\/comunitat-valenciana\/2026\/04\/25\/42-kilometros-y-42-corazones-contra-el-cancer-radio-benidorm\/"},"_links":{"self":[{"href":"https:\/\/serbenidorm.daliisolutions.com\/index.php\/wp-json\/wp\/v2\/posts\/24409","targetHints":{"allow":["GET"]}}],"collection":[{"href":"https:\/\/serbenidorm.daliisolutions.com\/index.php\/wp-json\/wp\/v2\/posts"}],"about":[{"href":"https:\/\/serbenidorm.daliisolutions.com\/index.php\/wp-json\/wp\/v2\/types\/post"}],"replies":[{"embeddable":true,"href":"https:\/\/serbenidorm.daliisolutions.com\/index.php\/wp-json\/wp\/v2\/comments?post=24409"}],"version-history":[{"count":0,"href":"https:\/\/serbenidorm.daliisolutions.com\/index.php\/wp-json\/wp\/v2\/posts\/24409\/revisions"}],"wp:featuredmedia":[{"embeddable":true,"href":"https:\/\/serbenidorm.daliisolutions.com\/index.php\/wp-json\/wp\/v2\/media\/24410"}],"wp:attachment":[{"href":"https:\/\/serbenidorm.daliisolutions.com\/index.php\/wp-json\/wp\/v2\/media?parent=24409"}],"wp:term":[{"taxonomy":"category","embeddable":true,"href":"https:\/\/serbenidorm.daliisolutions.com\/index.php\/wp-json\/wp\/v2\/categories?post=24409"},{"taxonomy":"post_tag","embeddable":true,"href":"https:\/\/serbenidorm.daliisolutions.com\/index.php\/wp-json\/wp\/v2\/tags?post=24409"}],"curies":[{"name":"wp","href":"https:\/\/api.w.org\/{rel}","templated":true}]}}