{"id":24411,"date":"2026-04-25T20:17:26","date_gmt":"2026-04-25T18:17:26","guid":{"rendered":"https:\/\/serbenidorm.daliisolutions.com\/index.php\/2026\/04\/25\/un-libro-x-un-kilo-en-benidorm-asi-es-la-iniciativa-de-la-uned-y-corazon-expres\/"},"modified":"2026-04-25T20:17:26","modified_gmt":"2026-04-25T18:17:26","slug":"un-libro-x-un-kilo-en-benidorm-asi-es-la-iniciativa-de-la-uned-y-corazon-expres","status":"publish","type":"post","link":"https:\/\/serbenidorm.daliisolutions.com\/index.php\/2026\/04\/25\/un-libro-x-un-kilo-en-benidorm-asi-es-la-iniciativa-de-la-uned-y-corazon-expres\/","title":{"rendered":"\u2018Un libro x un kilo\u2019 en Benidorm: as\u00ed es la iniciativa de la UNED y Coraz\u00f3n Expr\u00e9s"},"content":{"rendered":" <p>El centro de Benidorm asociado a la Universidad Nacional de Educaci\u00f3n a Distancia (UNED) organiza en el d\u00eda de hoy, de 10 a 16 horas, la decimotercera edici\u00f3n de su evento solidario \u2018Un libro x un kilo\u2019.<\/p>  <p>Una iniciativa donde se intercambian alimentos por libros <a href=\"https:\/\/cadenaser.com\/tag\/benidorm\/a\/\" target=\"_blank\" rel=\"nofollow\" title=\"https:\/\/cadenaser.com\/tag\/benidorm\/a\/\">para ayudar a personas necesitadas a trav\u00e9s de la asociaci\u00f3n ben\u00e9fica Coraz\u00f3n Expr\u00e9s<\/a>, y que se organiza con motivo del D\u00eda del Libro. <\/p>  <p>Para ello, han instalado un \u2018stand\u2019 en la calle Tom\u00e1s Ortu\u00f1o, junto a la entrada del Mercado Municipal, donde recogen alimentos no perecederos y productos de higiene, que despu\u00e9s ser\u00e1n donados a esta entidad de ayuda a personas o familias en situaci\u00f3n de emergencia. <\/p>  <p>Una delegaci\u00f3n municipal encabezada por la primera teniente de alcalde, Ana Pellicer, se ha acercado hasta ese \u2018stand\u2019 para colaborar con la iniciativa, aportando distintos productos adquiridos previamente en el comercio local. <\/p>  <p>La edil ha recordado que \u2018Un libro x un kilo\u2019 es \u201cun acto que, a\u00f1o tras a\u00f1o, tiene muy buena acogida en nuestra ciudad y en el que se demuestra la solidaridad de los benidormenses con quienes m\u00e1s lo necesitan\u201d. <\/p> ","protected":false},"excerpt":{"rendered":"<p>La asociaci\u00f3n ha instalado un \u2018stand\u2019 junto al Mercado Municipal para recoger alimentos no perecederos y productos de higiene para donarlos a familias en situaci\u00f3n de emergencia<\/p>\n","protected":false},"author":0,"featured_media":24412,"comment_status":"","ping_status":"open","sticky":false,"template":"","format":"standard","meta":{"_acf_changed":false,"footnotes":""},"categories":[1],"tags":[],"class_list":["post-24411","post","type-post","status-publish","format-standard","has-post-thumbnail","hentry","category-sin-categoria"],"acf":{"ser_id":"WYH2DX3A4BETRMWYBWFTYSFQN4","ser_url":"https:\/\/cadenaser.com\/comunitat-valenciana\/2026\/04\/24\/un-libro-x-un-kilo-en-benidorm-asi-es-la-iniciativa-de-la-uned-y-corazon-expres-radio-benidorm\/"},"_links":{"self":[{"href":"https:\/\/serbenidorm.daliisolutions.com\/index.php\/wp-json\/wp\/v2\/posts\/24411","targetHints":{"allow":["GET"]}}],"collection":[{"href":"https:\/\/serbenidorm.daliisolutions.com\/index.php\/wp-json\/wp\/v2\/posts"}],"about":[{"href":"https:\/\/serbenidorm.daliisolutions.com\/index.php\/wp-json\/wp\/v2\/types\/post"}],"replies":[{"embeddable":true,"href":"https:\/\/serbenidorm.daliisolutions.com\/index.php\/wp-json\/wp\/v2\/comments?post=24411"}],"version-history":[{"count":0,"href":"https:\/\/serbenidorm.daliisolutions.com\/index.php\/wp-json\/wp\/v2\/posts\/24411\/revisions"}],"wp:featuredmedia":[{"embeddable":true,"href":"https:\/\/serbenidorm.daliisolutions.com\/index.php\/wp-json\/wp\/v2\/media\/24412"}],"wp:attachment":[{"href":"https:\/\/serbenidorm.daliisolutions.com\/index.php\/wp-json\/wp\/v2\/media?parent=24411"}],"wp:term":[{"taxonomy":"category","embeddable":true,"href":"https:\/\/serbenidorm.daliisolutions.com\/index.php\/wp-json\/wp\/v2\/categories?post=24411"},{"taxonomy":"post_tag","embeddable":true,"href":"https:\/\/serbenidorm.daliisolutions.com\/index.php\/wp-json\/wp\/v2\/tags?post=24411"}],"curies":[{"name":"wp","href":"https:\/\/api.w.org\/{rel}","templated":true}]}}