{"id":24413,"date":"2026-04-25T20:17:27","date_gmt":"2026-04-25T18:17:27","guid":{"rendered":"https:\/\/serbenidorm.daliisolutions.com\/index.php\/2026\/04\/25\/la-marina-baixa-afronta-la-campana-del-nispero-con-buena-calidad-pero-presion-por-los-costes\/"},"modified":"2026-04-25T20:17:27","modified_gmt":"2026-04-25T18:17:27","slug":"la-marina-baixa-afronta-la-campana-del-nispero-con-buena-calidad-pero-presion-por-los-costes","status":"publish","type":"post","link":"https:\/\/serbenidorm.daliisolutions.com\/index.php\/2026\/04\/25\/la-marina-baixa-afronta-la-campana-del-nispero-con-buena-calidad-pero-presion-por-los-costes\/","title":{"rendered":"La Marina Baixa afronta la campa\u00f1a del n\u00edspero con buena calidad pero presi\u00f3n por los costes"},"content":{"rendered":" <p>La campa\u00f1a del n\u00edspero en la Marina Baixa ha entrado en su fase m\u00e1s intensa con unas condiciones clim\u00e1ticas favorables que han beneficiado al cultivo. El presidente comarcal de ASAJA, Rafael Gregori, ha explicado en <a href=\"https:\/\/cadenaser.com\/tag\/benidorm\/a\/\" target=\"_blank\" rel=\"nofollow\" title=\"https:\/\/cadenaser.com\/tag\/benidorm\/a\/\">La Ventana de la Marina Baixa<\/a> que las temperaturas y las lluvias han acompa\u00f1ado en las \u00faltimas semanas, lo que ha permitido mantener una producci\u00f3n de calidad, aunque con calibres algo inferiores a los del a\u00f1o anterior.<\/p>  <p>Desde el sector confirman que la campa\u00f1a ha ofrecido un producto con buen sabor y una calidad destacada, a pesar de que el tama\u00f1o del fruto no ha alcanzado los niveles de la pasada temporada. En este sentido, los agricultores han confiado en que los precios acompa\u00f1en para garantizar la rentabilidad en un contexto marcado por el incremento de costes, especialmente en transporte y combustible.<\/p>  <p>La comercializaci\u00f3n sigue dependiendo mientras del mercado exterior, donde se ha destinado alrededor del 70% de la producci\u00f3n. La cooperativa Ruchey de Callosa ha desempe\u00f1ado un papel clave al agrupar la oferta de peque\u00f1os productores y garantizar los controles de calidad bajo la denominaci\u00f3n de origen, facilitando as\u00ed la llegada del producto a grandes cadenas internacionales.<\/p>  <p>Sin embargo, el sector ha vuelto a se\u00f1alar la falta de mano de obra como uno de los principales problemas durante la recolecci\u00f3n. Los agricultores han advertido de que la escasa rentabilidad dificulta mejorar los salarios, lo que ha reducido el atractivo del trabajo en el campo frente a otros sectores. Esta situaci\u00f3n ha provocado incluso el abandono de explotaciones y el cambio hacia cultivos como el aguacate, que requieren menos personal.<\/p>  <p>De cara al futuro, los productores han reclamado medidas de apoyo por parte de la administraci\u00f3n, como incentivos fiscales o ajustes en los m\u00f3dulos agrarios. Tambi\u00e9n han advertido de que, sin relevo generacional y sin soluciones a la falta de trabajadores, el cultivo del n\u00edspero, arraigado hist\u00f3ricamente en nuestra zona, podr\u00eda verse comprometido en los pr\u00f3ximos a\u00f1os.<\/p> ","protected":false},"excerpt":{"rendered":"<p>ASAJA destaca el buen sabor del fruto aunque alerta de la falta de mano de obra y la p\u00e9rdida de rentabilidad en el campo<\/p>\n","protected":false},"author":0,"featured_media":24414,"comment_status":"","ping_status":"open","sticky":false,"template":"","format":"standard","meta":{"_acf_changed":false,"footnotes":""},"categories":[1],"tags":[],"class_list":["post-24413","post","type-post","status-publish","format-standard","has-post-thumbnail","hentry","category-sin-categoria"],"acf":{"ser_id":"FU5H6XJALFGXTGNY6ID7VL7AWQ","ser_url":"https:\/\/cadenaser.com\/comunitat-valenciana\/2026\/04\/22\/la-marina-baixa-afronta-la-campana-del-nispero-con-buena-calidad-pero-presion-por-los-costes-radio-benidorm\/"},"_links":{"self":[{"href":"https:\/\/serbenidorm.daliisolutions.com\/index.php\/wp-json\/wp\/v2\/posts\/24413","targetHints":{"allow":["GET"]}}],"collection":[{"href":"https:\/\/serbenidorm.daliisolutions.com\/index.php\/wp-json\/wp\/v2\/posts"}],"about":[{"href":"https:\/\/serbenidorm.daliisolutions.com\/index.php\/wp-json\/wp\/v2\/types\/post"}],"replies":[{"embeddable":true,"href":"https:\/\/serbenidorm.daliisolutions.com\/index.php\/wp-json\/wp\/v2\/comments?post=24413"}],"version-history":[{"count":0,"href":"https:\/\/serbenidorm.daliisolutions.com\/index.php\/wp-json\/wp\/v2\/posts\/24413\/revisions"}],"wp:featuredmedia":[{"embeddable":true,"href":"https:\/\/serbenidorm.daliisolutions.com\/index.php\/wp-json\/wp\/v2\/media\/24414"}],"wp:attachment":[{"href":"https:\/\/serbenidorm.daliisolutions.com\/index.php\/wp-json\/wp\/v2\/media?parent=24413"}],"wp:term":[{"taxonomy":"category","embeddable":true,"href":"https:\/\/serbenidorm.daliisolutions.com\/index.php\/wp-json\/wp\/v2\/categories?post=24413"},{"taxonomy":"post_tag","embeddable":true,"href":"https:\/\/serbenidorm.daliisolutions.com\/index.php\/wp-json\/wp\/v2\/tags?post=24413"}],"curies":[{"name":"wp","href":"https:\/\/api.w.org\/{rel}","templated":true}]}}