{"id":24415,"date":"2026-04-25T20:17:27","date_gmt":"2026-04-25T18:17:27","guid":{"rendered":"https:\/\/serbenidorm.daliisolutions.com\/index.php\/2026\/04\/25\/el-benidorm-se-aferra-al-guillermo-amor-para-lograr-el-ascenso-directo\/"},"modified":"2026-04-25T20:17:27","modified_gmt":"2026-04-25T18:17:27","slug":"el-benidorm-se-aferra-al-guillermo-amor-para-lograr-el-ascenso-directo","status":"publish","type":"post","link":"https:\/\/serbenidorm.daliisolutions.com\/index.php\/2026\/04\/25\/el-benidorm-se-aferra-al-guillermo-amor-para-lograr-el-ascenso-directo\/","title":{"rendered":"El Benidorm se aferra al Guillermo Amor para lograr el ascenso directo"},"content":{"rendered":" <p>El C.F. Benidorm afronta este domingo (12:00 horas) la primera de las dos grandes finales que le quedan por delante antes de poner el punto y final a la fase regular de la Lliga Comunitat y, sobre todo, recuperar el liderato perdido la pasada semana tras la derrota sufrida en la cancha del Alberic y que, unida a la victoria del Eldense B, ha apartado a los de Javier Vidales de esa \u00fanica plaza de ascenso directo a la Tercera RFEF.<\/p>  <p>La mala noticia a estas alturas es que el Benidorm ya no depende s\u00f3lo de s\u00ed mismo para volver a lo m\u00e1s alto de la clasificaci\u00f3n ya que, para lograrlo, adem\u00e1s de sumar los seis puntos que quedan en disputa, debe de esperar, al menos, un tropiezo de su principal rival en esas mismas dos jornadas. La buena noticia para los intereses de los benidormenses es que los caprichos del calendario han querido que esas dos postreras fechas de la fase regular se vayan a disputar en el Estadio Guillermo Amor.<\/p>  <p>La primera parada de estas dos semanas de infarto traer\u00e1 a la cancha benidormense al Independiente Alicante, un equipo asentado en la zona media de la clasificaci\u00f3n y que ya no se juega nada importante en el presente curso ya que, en el mejor de los escenarios posibles para sus intereses, el mayor logro que est\u00e1 a su alcance es mejorar de la octava a la sexta posici\u00f3n final.<\/p>  <p>Los alicantinos, adem\u00e1s, est\u00e1n atravesando un particular mal momento despu\u00e9s de haber encadenado seis jornadas sin victoria. Desde que el pasado 22 de febrero se impusiera por 2-1 en casa al Carcaixent, el Independiente Alicante ha sumado cuatro empates y dos derrotas sumando as\u00ed cuatro de los 18 puntos posibles en ese periodo.<\/p>  <p>El Benidorm, por su parte, se aferra a su buena temporada (59 puntos de los 84 posibles) y al factor campo favorable para darle la vuelta a ese rev\u00e9s clasificatorio sufrido la pasada semana en un domingo en el que, adem\u00e1s, contar\u00e1 con la posibilidad de conocer en todo momento lo que est\u00e9 haciendo su principal rival por el t\u00edtulo toda vez que el choque entre el Eldense B y el Benig\u00e0nim (en casa de estos \u00faltimos) arrancar\u00e1 media hora antes que el choque del Guillermo Amor.<\/p>  <p>Al contrario de lo que sucede con el rival benidormense, el Benig\u00e0nim s\u00ed necesita sumar si quiere llegar a la \u00faltima jornada sin el peligro de tener que jugarse fuera de casa (ante el Carcaixent) la permanencia.<\/p>  <p>Con algo m\u00e1s de aire, La Nuc\u00eda tambi\u00e9n encara tambi\u00e9n la parte final de la temporada, a la que le quedan tres jornadas de su fase regular, recibiendo en el Camilo Cano y en un complicad\u00edsimo partido al Atl\u00e9tico Levante, segundo clasificado a s\u00f3lo un punto del Castellonense y, por lo tanto, del \u00fanico puesto de ascenso directo a Segunda RFEF.<\/p>  <p>Los rojillos, que tambi\u00e9n tienen ese salto de categor\u00eda como principal objetivo, deben amarrarse a la quinta posici\u00f3n que ahora ocupan y, por lo tanto, a una promoci\u00f3n de ascenso para la que su principal rival, el Ontinyent, se mantiene al acecho a cuatro puntos de distancia.<\/p>  <p>Los valencianos no pierden desde el pasado 8 de marzo, cuando cayeron en casa por 0-2 ante el Jove Espa\u00f1ol. Desde entonces, han sumado cinco victorias y un empate con un bot\u00edn de 16 puntos sobre los 18 posibles en esas jornadas, un periodo en el que los rojillos han logrado sumar once puntos.<\/p>  <p>El precedente m\u00e1s reciente entre los dos equipos se sald\u00f3, el pasado 20 de diciembre, con empate a dos goles en un choque que ser\u00e1 recordado por ese pol\u00e9mico final en el que un penalti favorable a los valencianos en el minuto 93 de juego evit\u00f3 la victoria del equipo entrenado por Vicente Mir.<\/p> ","protected":false},"excerpt":{"rendered":"<p>Los de Javier Vidales est\u00e1n obligados a ganar y a esperar un tropiezo del Eldense B<\/p>\n","protected":false},"author":0,"featured_media":24416,"comment_status":"","ping_status":"open","sticky":false,"template":"","format":"standard","meta":{"_acf_changed":false,"footnotes":""},"categories":[16],"tags":[],"class_list":["post-24415","post","type-post","status-publish","format-standard","has-post-thumbnail","hentry","category-deportes"],"acf":{"ser_id":"HYOBRWHAJJD4XF3BEAWC5E4HHQ","ser_url":"https:\/\/cadenaser.com\/comunitat-valenciana\/2026\/04\/24\/el-benidorm-se-aferra-al-guillermo-amor-para-lograr-el-ascenso-directo-radio-benidorm\/"},"_links":{"self":[{"href":"https:\/\/serbenidorm.daliisolutions.com\/index.php\/wp-json\/wp\/v2\/posts\/24415","targetHints":{"allow":["GET"]}}],"collection":[{"href":"https:\/\/serbenidorm.daliisolutions.com\/index.php\/wp-json\/wp\/v2\/posts"}],"about":[{"href":"https:\/\/serbenidorm.daliisolutions.com\/index.php\/wp-json\/wp\/v2\/types\/post"}],"replies":[{"embeddable":true,"href":"https:\/\/serbenidorm.daliisolutions.com\/index.php\/wp-json\/wp\/v2\/comments?post=24415"}],"version-history":[{"count":0,"href":"https:\/\/serbenidorm.daliisolutions.com\/index.php\/wp-json\/wp\/v2\/posts\/24415\/revisions"}],"wp:featuredmedia":[{"embeddable":true,"href":"https:\/\/serbenidorm.daliisolutions.com\/index.php\/wp-json\/wp\/v2\/media\/24416"}],"wp:attachment":[{"href":"https:\/\/serbenidorm.daliisolutions.com\/index.php\/wp-json\/wp\/v2\/media?parent=24415"}],"wp:term":[{"taxonomy":"category","embeddable":true,"href":"https:\/\/serbenidorm.daliisolutions.com\/index.php\/wp-json\/wp\/v2\/categories?post=24415"},{"taxonomy":"post_tag","embeddable":true,"href":"https:\/\/serbenidorm.daliisolutions.com\/index.php\/wp-json\/wp\/v2\/tags?post=24415"}],"curies":[{"name":"wp","href":"https:\/\/api.w.org\/{rel}","templated":true}]}}