{"id":24421,"date":"2026-04-25T20:17:30","date_gmt":"2026-04-25T18:17:30","guid":{"rendered":"https:\/\/serbenidorm.daliisolutions.com\/index.php\/2026\/04\/25\/el-sporting-la-nucia-se-despide-de-su-publico-ante-el-alamo\/"},"modified":"2026-04-25T20:17:30","modified_gmt":"2026-04-25T18:17:30","slug":"el-sporting-la-nucia-se-despide-de-su-publico-ante-el-alamo","status":"publish","type":"post","link":"https:\/\/serbenidorm.daliisolutions.com\/index.php\/2026\/04\/25\/el-sporting-la-nucia-se-despide-de-su-publico-ante-el-alamo\/","title":{"rendered":"El Sporting La Nuc\u00eda se despide de su p\u00fablico ante El \u00c1lamo"},"content":{"rendered":" <p>Sin nada m\u00e1s en juego que la honra de terminar la competici\u00f3n liguera, a la que le quedan s\u00f3lo dos jornadas, con los mejores n\u00fameros posibles, el Sporting La Nuc\u00eda vuelve este s\u00e1bado (17:00 horas) al Pabell\u00f3n Camilo Cano por \u00faltima vez en el presente curso para medirse a El \u00c1lamo.<\/p>  <p>Los de David \u2018Dada\u2019 Valverde vienen de ganar la pasada semana, tambi\u00e9n como locales aunque en el Pabell\u00f3n Ra\u00fal Mesa de Benidorm, por 2-1 al Rivas, una inyecci\u00f3n de moral importante para que el vestuario pueda saltar a la cancha de su casa convencido de haber superado el bache de resultados que les ha impedido pelear por el ascenso y, con ello, dejar el mejor sabor de boca posible a la parroquia local antes de afrontar, ya como visitante, la \u00faltima jornada.<\/p>  <p>El equipo madrile\u00f1o llega a este partido atravesando su particular crisis tras haber encadenado tres jornadas sin lograr el triunfo (dos derrotas y un empate) y necesitado de sumar un buen resultado para no verse, en la \u00faltima fecha, metido en la pelea por una permanencia que parec\u00eda que ten\u00eda asegurada hace apenas dos semanas.<\/p> ","protected":false},"excerpt":{"rendered":"<p>El equipo rojillo tratar\u00e1 de mejorar en las dos \u00faltimas jornadas su actual clasificaci\u00f3n<\/p>\n","protected":false},"author":0,"featured_media":24422,"comment_status":"","ping_status":"open","sticky":false,"template":"","format":"standard","meta":{"_acf_changed":false,"footnotes":""},"categories":[16],"tags":[],"class_list":["post-24421","post","type-post","status-publish","format-standard","has-post-thumbnail","hentry","category-deportes"],"acf":{"ser_id":"QGXD5ALJDNE3LIHSJZOMTRMSRM","ser_url":"https:\/\/cadenaser.com\/comunitat-valenciana\/2026\/04\/24\/el-sporting-la-nucia-se-despide-de-su-publico-ante-el-alamo-radio-benidorm\/"},"_links":{"self":[{"href":"https:\/\/serbenidorm.daliisolutions.com\/index.php\/wp-json\/wp\/v2\/posts\/24421","targetHints":{"allow":["GET"]}}],"collection":[{"href":"https:\/\/serbenidorm.daliisolutions.com\/index.php\/wp-json\/wp\/v2\/posts"}],"about":[{"href":"https:\/\/serbenidorm.daliisolutions.com\/index.php\/wp-json\/wp\/v2\/types\/post"}],"replies":[{"embeddable":true,"href":"https:\/\/serbenidorm.daliisolutions.com\/index.php\/wp-json\/wp\/v2\/comments?post=24421"}],"version-history":[{"count":0,"href":"https:\/\/serbenidorm.daliisolutions.com\/index.php\/wp-json\/wp\/v2\/posts\/24421\/revisions"}],"wp:featuredmedia":[{"embeddable":true,"href":"https:\/\/serbenidorm.daliisolutions.com\/index.php\/wp-json\/wp\/v2\/media\/24422"}],"wp:attachment":[{"href":"https:\/\/serbenidorm.daliisolutions.com\/index.php\/wp-json\/wp\/v2\/media?parent=24421"}],"wp:term":[{"taxonomy":"category","embeddable":true,"href":"https:\/\/serbenidorm.daliisolutions.com\/index.php\/wp-json\/wp\/v2\/categories?post=24421"},{"taxonomy":"post_tag","embeddable":true,"href":"https:\/\/serbenidorm.daliisolutions.com\/index.php\/wp-json\/wp\/v2\/tags?post=24421"}],"curies":[{"name":"wp","href":"https:\/\/api.w.org\/{rel}","templated":true}]}}