{"id":24423,"date":"2026-04-25T20:17:30","date_gmt":"2026-04-25T18:17:30","guid":{"rendered":"https:\/\/serbenidorm.daliisolutions.com\/index.php\/2026\/04\/25\/dos-nuevas-finales-autonomicas-para-el-club-voleibol-playas-de-benidorm\/"},"modified":"2026-04-25T20:17:30","modified_gmt":"2026-04-25T18:17:30","slug":"dos-nuevas-finales-autonomicas-para-el-club-voleibol-playas-de-benidorm","status":"publish","type":"post","link":"https:\/\/serbenidorm.daliisolutions.com\/index.php\/2026\/04\/25\/dos-nuevas-finales-autonomicas-para-el-club-voleibol-playas-de-benidorm\/","title":{"rendered":"Dos nuevas finales auton\u00f3micas para el Club Voleibol Playas de Benidorm"},"content":{"rendered":" <p>Terminada la competici\u00f3n para los dos primeros equipos de la entidad, la actividad del Club Voleibol Playas de Benidorm se centra ahora en su nutrida base y este fin de semana dos de sus equipos pelear\u00e1n por hacerse con el t\u00edtulo de campeones auton\u00f3micos tras haberse clasificado para la disputa de la fase final de esas competiciones.<\/p>  <p>En ese sentido, la localidad valenciana de B\u00e9tera ser\u00e1 el escenario en el que el Taberna Andaluza Benidorm, el equipo S\u00e9nior masculino (obviando, evidentemente, al Superliga Masculina) buscar\u00e1 hacerse con el t\u00edtulo de mejor equipo de la Comunitat Valenciana en una final en la que tambi\u00e9n estar\u00e1n el anfitri\u00f3n de la fase, el Blu Volley Mas Camarena, el C.V. Camp de Turia y el C.V. Torrent.<\/p>  <p>El equipo de David Barreto debutar\u00e1 el s\u00e1bado (12:30 horas) ante el conjunto local de B\u00e9tera y ya por la tarde (20:00 horas) deber\u00e1 enfrentarse al Camp de Turia antes de disputar su \u00faltimo partido, en la sesi\u00f3n dominical (10:00 horas) frente al C.V. Torrent.<\/p>  <p>Cabe recordar que los dos primeros clasificados de esta final auton\u00f3mica conseguir\u00e1n el ascenso a la Primera Nacional (la tercera categor\u00eda del v\u00f3ley en Espa\u00f1a).<\/p>  <p>M\u00e1s cerca de casa, en la localidad alicantina de El Campello, el Odin Systems Benidorm de categor\u00eda Cadete masculina tambi\u00e9n tratar\u00e1 de alzarse con la corona del v\u00f3ley auton\u00f3mico en una fase final en la que, junto a los chicos dirigidos por Iv\u00e1n Navarro (segundo entrenador del Servigroup Benidorm de Superliga Masculina), tambi\u00e9n se han metido el Salesianos Elche, el Conqueridor Valencia y el Frabraquer Campello, organizador de la final.<\/p>  <p>En el caso de los m\u00e1s j\u00f3venes de este fin de semana la competici\u00f3n arrancar\u00e1 el s\u00e1bado (10:30 horas) ante el conjunto ilicitano para seguir esa misma tarde (18:00 horas) con el partido que medir\u00e1 a los benidormenses con el Conqueridor Valencia. La final auton\u00f3mica concluir\u00e1 para el cuadro dirigido por Navarro el domingo (12:00 horas) con el choque ante el anfitri\u00f3n del torneo.<\/p>  <p>Todo ello s\u00f3lo una semana despu\u00e9s de que tambi\u00e9n los equipos de las categor\u00edas Alev\u00edn masculino y Benjam\u00edn masculino y femenino tuvieran tambi\u00e9n su oportunidad de luchar por el t\u00edtulo de campeones de la Comunitat Valenciana y, con ello, el pasaporte al Campeonato de Espa\u00f1a.<\/p>  <p>En esas finales, los mejor parados fueron los chicos del Benjam\u00edn, que terminaron la competici\u00f3n en tercera posici\u00f3n. Adem\u00e1s, el conjunto Alev\u00edn masculino fue el quinto mejor equipo valenciano del a\u00f1o y las chicas del Benjam\u00edn lograron un meritorio top10 al terminar la final en s\u00e9ptima posici\u00f3n.<\/p> ","protected":false},"excerpt":{"rendered":"<p>El S\u00e9nior y el Cadete masculinos buscar\u00e1n el ascenso y el pase al Nacional en B\u00e9tera y El Campello<\/p>\n","protected":false},"author":0,"featured_media":24424,"comment_status":"","ping_status":"open","sticky":false,"template":"","format":"standard","meta":{"_acf_changed":false,"footnotes":""},"categories":[16],"tags":[],"class_list":["post-24423","post","type-post","status-publish","format-standard","has-post-thumbnail","hentry","category-deportes"],"acf":{"ser_id":"6DUY5PAFWBBCRKYEEE5XT5LW6A","ser_url":"https:\/\/cadenaser.com\/comunitat-valenciana\/2026\/04\/23\/dos-nuevas-finales-autonomicas-para-el-club-voleibol-playas-de-benidorm-radio-benidorm\/"},"_links":{"self":[{"href":"https:\/\/serbenidorm.daliisolutions.com\/index.php\/wp-json\/wp\/v2\/posts\/24423","targetHints":{"allow":["GET"]}}],"collection":[{"href":"https:\/\/serbenidorm.daliisolutions.com\/index.php\/wp-json\/wp\/v2\/posts"}],"about":[{"href":"https:\/\/serbenidorm.daliisolutions.com\/index.php\/wp-json\/wp\/v2\/types\/post"}],"replies":[{"embeddable":true,"href":"https:\/\/serbenidorm.daliisolutions.com\/index.php\/wp-json\/wp\/v2\/comments?post=24423"}],"version-history":[{"count":0,"href":"https:\/\/serbenidorm.daliisolutions.com\/index.php\/wp-json\/wp\/v2\/posts\/24423\/revisions"}],"wp:featuredmedia":[{"embeddable":true,"href":"https:\/\/serbenidorm.daliisolutions.com\/index.php\/wp-json\/wp\/v2\/media\/24424"}],"wp:attachment":[{"href":"https:\/\/serbenidorm.daliisolutions.com\/index.php\/wp-json\/wp\/v2\/media?parent=24423"}],"wp:term":[{"taxonomy":"category","embeddable":true,"href":"https:\/\/serbenidorm.daliisolutions.com\/index.php\/wp-json\/wp\/v2\/categories?post=24423"},{"taxonomy":"post_tag","embeddable":true,"href":"https:\/\/serbenidorm.daliisolutions.com\/index.php\/wp-json\/wp\/v2\/tags?post=24423"}],"curies":[{"name":"wp","href":"https:\/\/api.w.org\/{rel}","templated":true}]}}