{"id":24425,"date":"2026-04-28T13:37:55","date_gmt":"2026-04-28T11:37:55","guid":{"rendered":"https:\/\/serbenidorm.daliisolutions.com\/index.php\/2026\/04\/28\/benidorm-aprueba-monetizar-el-ahorro-energetico-y-da-impulso-a-la-reforma-del-ausias-march\/"},"modified":"2026-04-28T13:37:55","modified_gmt":"2026-04-28T11:37:55","slug":"benidorm-aprueba-monetizar-el-ahorro-energetico-y-da-impulso-a-la-reforma-del-ausias-march","status":"publish","type":"post","link":"https:\/\/serbenidorm.daliisolutions.com\/index.php\/2026\/04\/28\/benidorm-aprueba-monetizar-el-ahorro-energetico-y-da-impulso-a-la-reforma-del-ausias-march\/","title":{"rendered":"Benidorm aprueba monetizar el ahorro energ\u00e9tico y da impulso a la reforma del Ausi\u00e0s March"},"content":{"rendered":" <p>Benidorm ha celebrado este lunes el pleno ordinario de abril con acuerdos centrados en nuevas v\u00edas de financiaci\u00f3n municipal, inversiones educativas y planificaci\u00f3n econ\u00f3mica. Entre las medidas m\u00e1s destacadas, la corporaci\u00f3n ha aprobado por unanimidad incorporar al patrimonio municipal el ahorro energ\u00e9tico generado por actuaciones de eficiencia para convertirlo en un activo susceptible de monetizaci\u00f3n. Seg\u00fan explica el concejal de Patrimonio, Jaime Jes\u00fas P\u00e9rez, esos ahorros, cifrados en m\u00e1s de 486.000 euros, podr\u00e1n subastarse para generar nuevos ingresos para las arcas municipales en una iniciativa que el gobierno local presenta como pionera.<\/p>  <p>La sesi\u00f3n tambi\u00e9n ha dado luz verde a la modificaci\u00f3n de la delegaci\u00f3n de competencias para ejecutar la reforma integral del CEIP Ausi\u00e0s March, cuyo presupuesto se eleva hasta los 2,62 millones de euros. El nuevo proyecto incorpora climatizaci\u00f3n completa, placas solares, mejoras de accesibilidad, renovaci\u00f3n de instalaciones y actuaciones en comedor y espacios comunes. La edil de Educaci\u00f3n, Maite Moreno, defendi\u00f3 que esta actualizaci\u00f3n \u201crefuerza\u201d la actuaci\u00f3n prevista dentro del Plan Edificant y permitir\u00e1 licitar las obras para arrancarlas previsiblemente en septiembre.<\/p>  <p>En el apartado econ\u00f3mico, el pleno ha abordado adem\u00e1s el Plan Estrat\u00e9gico de Subvenciones 2026, dotado con 6,8 millones de euros para ayudas sociales, educativas, deportivas, culturales y tur\u00edsticas. Tambi\u00e9n ha salido adelante por unanimidad la concesi\u00f3n de la Distinci\u00f3n Europa al cient\u00edfico Juan Carlos Izpis\u00faa por su trayectoria internacional en biolog\u00eda regenerativa. El gobierno local enmarca estos acuerdos en una estrategia de innovaci\u00f3n, mejora de infraestructuras e impulso de nuevas inversiones para consolidar el desarrollo de la ciudad.<\/p>  <p>La oposici\u00f3n socialista, sin embargo, ha expresado sus reservas durante el debate plenario. El concejal Antonio Charco ha advertido de un posible recorte en subvenciones para 2026 y alert\u00f3 de dificultades econ\u00f3micas en pr\u00f3ximos ejercicios, cuestionando adem\u00e1s la planificaci\u00f3n presupuestaria del ejecutivo local. Desde el PSOE tambi\u00e9n critican el proyecto de reforma del Ausi\u00e0s March por considerar insuficientes algunas mejoras y denunciaron retrasos en actuaciones educativas pendientes dentro del Plan Edificant.<\/p>  <p>El pleno adem\u00e1s ha dejado otros acuerdos como la adhesi\u00f3n renovada de Benidorm al sistema de calidad tur\u00edstica SICTED, la aprobaci\u00f3n del Plan Estrat\u00e9gico de Atenci\u00f3n Ciudadana 2026-2029, nuevas medidas en movilidad como una licencia de euro-taxi adaptado y la aprobaci\u00f3n de facturas pendientes por casi cuatro millones de euros. <\/p> ","protected":false},"excerpt":{"rendered":"<p>Nuevas medidas para generar nuevos ingresos, una inversi\u00f3n de 2,6 millones en el colegio Ausi\u00e0s March y un plan de subvenciones de 6,8 millones<\/p>\n","protected":false},"author":0,"featured_media":24426,"comment_status":"","ping_status":"open","sticky":false,"template":"","format":"standard","meta":{"_acf_changed":false,"footnotes":""},"categories":[1],"tags":[],"class_list":["post-24425","post","type-post","status-publish","format-standard","has-post-thumbnail","hentry","category-sin-categoria"],"acf":{"ser_id":"446NMNLDWNGZFO2XOFLWJA5BPA","ser_url":"https:\/\/cadenaser.com\/comunitat-valenciana\/2026\/04\/27\/benidorm-aprueba-monetizar-el-ahorro-energetico-y-da-impulso-a-la-reforma-del-ausias-march-radio-benidorm\/"},"_links":{"self":[{"href":"https:\/\/serbenidorm.daliisolutions.com\/index.php\/wp-json\/wp\/v2\/posts\/24425","targetHints":{"allow":["GET"]}}],"collection":[{"href":"https:\/\/serbenidorm.daliisolutions.com\/index.php\/wp-json\/wp\/v2\/posts"}],"about":[{"href":"https:\/\/serbenidorm.daliisolutions.com\/index.php\/wp-json\/wp\/v2\/types\/post"}],"replies":[{"embeddable":true,"href":"https:\/\/serbenidorm.daliisolutions.com\/index.php\/wp-json\/wp\/v2\/comments?post=24425"}],"version-history":[{"count":0,"href":"https:\/\/serbenidorm.daliisolutions.com\/index.php\/wp-json\/wp\/v2\/posts\/24425\/revisions"}],"wp:featuredmedia":[{"embeddable":true,"href":"https:\/\/serbenidorm.daliisolutions.com\/index.php\/wp-json\/wp\/v2\/media\/24426"}],"wp:attachment":[{"href":"https:\/\/serbenidorm.daliisolutions.com\/index.php\/wp-json\/wp\/v2\/media?parent=24425"}],"wp:term":[{"taxonomy":"category","embeddable":true,"href":"https:\/\/serbenidorm.daliisolutions.com\/index.php\/wp-json\/wp\/v2\/categories?post=24425"},{"taxonomy":"post_tag","embeddable":true,"href":"https:\/\/serbenidorm.daliisolutions.com\/index.php\/wp-json\/wp\/v2\/tags?post=24425"}],"curies":[{"name":"wp","href":"https:\/\/api.w.org\/{rel}","templated":true}]}}