{"id":24427,"date":"2026-04-28T13:37:55","date_gmt":"2026-04-28T11:37:55","guid":{"rendered":"https:\/\/serbenidorm.daliisolutions.com\/index.php\/2026\/04\/28\/dj-symphonic-llega-a-skyfest-benidorm-una-experiencia-sinfonica-electronica-unica\/"},"modified":"2026-04-28T13:37:55","modified_gmt":"2026-04-28T11:37:55","slug":"dj-symphonic-llega-a-skyfest-benidorm-una-experiencia-sinfonica-electronica-unica","status":"publish","type":"post","link":"https:\/\/serbenidorm.daliisolutions.com\/index.php\/2026\/04\/28\/dj-symphonic-llega-a-skyfest-benidorm-una-experiencia-sinfonica-electronica-unica\/","title":{"rendered":"DJ Symphonic llega a SkyFest Benidorm: \u00abUna experiencia sinf\u00f3nica-electr\u00f3nica \u00fanica\u00bb"},"content":{"rendered":" <p>SkyFest de Benidorm acoger\u00e1 el pr\u00f3ximo 21 de agosto uno de los espect\u00e1culos m\u00e1s innovadores del panorama actual: DJ Symphonic, una propuesta que redefine los l\u00edmites entre la m\u00fasica electr\u00f3nica y la m\u00fasica sinf\u00f3nica.<\/p>  <p>El evento ha sido presentado en la ma\u00f1ana de hoy en el Ayuntamiento de Benidorm, con la presencia del concejal de Eventos, Jes\u00fas Carrobles; el CEO del recinto Skyfest Benidorm, Alexandre Fratini; y el presidente de Excelentia, Javier Mart\u00ed,productora del show. <\/p>  <p>Seg\u00fan Mart\u00ed, Dj Symphonic es <a href=\"https:\/\/cadenaser.com\/tag\/benidorm\/a\/\" target=\"_blank\" rel=\"nofollow\" title=\"https:\/\/cadenaser.com\/tag\/benidorm\/a\/\">una fascinante combinaci\u00f3n de orquesta sinf\u00f3nica compuesta por m\u00e1s de 50 m\u00fasicos y DJ para interpretar todo tipo de m\u00fasica de una manera diferente<\/a>, ya que \u201cse trata de una fusi\u00f3n magistral entre lo sinf\u00f3nico y lo electr\u00f3nico que transforma la m\u00fasica orquestal en una aut\u00e9ntica explosi\u00f3n de energ\u00eda, emoci\u00f3n y diversi\u00f3n\u201d, ha explicado en rueda de prensa, y a\u00f1adi\u00f3 que este concepto permite descubrir la versatilidad de la orquesta en su faceta m\u00e1s l\u00fadica, \u201cdemostrando que los grandes \u00e9xitos del pop y la electr\u00f3nica alcanzan nuevas dimensiones al vestirse con la riqueza instrumental de una formaci\u00f3n sinf\u00f3nica\u201d.<\/p>  <p>Tanto Carrobles como Fratini han agradecido la confianza de la productora para que DJ Symphonic sea incluido en la programaci\u00f3n de SkyFest Benidorm este verano, \u201clo cual demuestra la versatilidad y calidad de la programaci\u00f3n de eventos, conciertos y festivales que visitar\u00e1n Benidorm este verano\u201d, afirm\u00f3 el Concejal de Eventos del Ayuntamiento de Benidorm.<\/p>  <p>Sobre el escenario, el proyecto cuenta con la participaci\u00f3n de la Royal Film Concert Orchestra (RFCO), una formaci\u00f3n integrada por m\u00fasicos profesionales procedentes de algunas de las mejores orquestas y escuelas europeas. La RFCO destaca por su versatilidad, abordando no solo el repertorio cl\u00e1sico, sino tambi\u00e9n bandas sonoras, pop y otros estilos contempor\u00e1neos con un alto nivel art\u00edstico.<\/p>  <p>El espect\u00e1culo \u201cPont Aeri \u2013 Flying Free\u201d propone un viaje musical intergeneracional con un repertorio cuidadosamente seleccionado que incluye grandes himnos como Viva la Vida (Coldplay), Wake Me Up (Avicii), Titanium (David Guetta), Adagio for Strings (DJ Ti\u00ebsto), Bohemian Rhapsody (Queen) o The Final Countdown (Europe), junto a iconos de la cultura electr\u00f3nica como Sandstorm (Darude) y L\u2019amour Toujours (Gigi D\u2019Agostino).<\/p>  <p>El programa se enriquece adem\u00e1s con medleys exclusivos como el homenaje a Daft Punk, el DJ History Medley (ATB, Children, Levels), el Safri Duo Medley (The Bongo Song &amp; Sambadagio) y gui\u00f1os festivos universales como YMCA, I Will Survive o Sar\u00e0 Perch\u00e9 Ti Amo, creando una experiencia colectiva vibrante que conecta con el p\u00fablico desde la primera nota.<\/p>  <p>Las entradas, que ya est\u00e1n a la venta, se pueden adquirir en ExcelentiaMusica.com, BenidormSkyFest.com y VivaTicket.com.<\/p>  <p>Dj Symphonic cuenta con una cuidada producci\u00f3n esc\u00e9nica, arreglos sinf\u00f3nicos originales y una narrativa musical en constante evoluci\u00f3n, el espect\u00e1culo se posiciona como uno de los momentos imprescindibles de la programaci\u00f3n SkyFest Benidorm tendr\u00e1 en este 2026, consolid\u00e1ndose como una referencia en propuestas innovadoras dentro del circuito musical estival.<\/p> ","protected":false},"excerpt":{"rendered":"<p>El 21 de agosto con m\u00e1s de 50 m\u00fasicos en la ciudad deportiva Guillermo Amor<\/p>\n","protected":false},"author":0,"featured_media":24428,"comment_status":"","ping_status":"open","sticky":false,"template":"","format":"standard","meta":{"_acf_changed":false,"footnotes":""},"categories":[1],"tags":[],"class_list":["post-24427","post","type-post","status-publish","format-standard","has-post-thumbnail","hentry","category-sin-categoria"],"acf":{"ser_id":"UVNLSKINKZEWPLEGGX5U6FJZMY","ser_url":"https:\/\/cadenaser.com\/comunitat-valenciana\/2026\/04\/28\/dj-symphonic-llega-skyfest-benidorm-una-experiencia-sinfonica-electronica-unica-radio-benidorm\/"},"_links":{"self":[{"href":"https:\/\/serbenidorm.daliisolutions.com\/index.php\/wp-json\/wp\/v2\/posts\/24427","targetHints":{"allow":["GET"]}}],"collection":[{"href":"https:\/\/serbenidorm.daliisolutions.com\/index.php\/wp-json\/wp\/v2\/posts"}],"about":[{"href":"https:\/\/serbenidorm.daliisolutions.com\/index.php\/wp-json\/wp\/v2\/types\/post"}],"replies":[{"embeddable":true,"href":"https:\/\/serbenidorm.daliisolutions.com\/index.php\/wp-json\/wp\/v2\/comments?post=24427"}],"version-history":[{"count":0,"href":"https:\/\/serbenidorm.daliisolutions.com\/index.php\/wp-json\/wp\/v2\/posts\/24427\/revisions"}],"wp:featuredmedia":[{"embeddable":true,"href":"https:\/\/serbenidorm.daliisolutions.com\/index.php\/wp-json\/wp\/v2\/media\/24428"}],"wp:attachment":[{"href":"https:\/\/serbenidorm.daliisolutions.com\/index.php\/wp-json\/wp\/v2\/media?parent=24427"}],"wp:term":[{"taxonomy":"category","embeddable":true,"href":"https:\/\/serbenidorm.daliisolutions.com\/index.php\/wp-json\/wp\/v2\/categories?post=24427"},{"taxonomy":"post_tag","embeddable":true,"href":"https:\/\/serbenidorm.daliisolutions.com\/index.php\/wp-json\/wp\/v2\/tags?post=24427"}],"curies":[{"name":"wp","href":"https:\/\/api.w.org\/{rel}","templated":true}]}}