{"id":24429,"date":"2026-04-28T13:37:56","date_gmt":"2026-04-28T11:37:56","guid":{"rendered":"https:\/\/serbenidorm.daliisolutions.com\/index.php\/2026\/04\/28\/la-cadena-ser-lanza-su-nueva-app-una-nueva-forma-de-disfrutar-de-la-radio-mas-visual-completa-y-personalizada\/"},"modified":"2026-04-28T13:37:56","modified_gmt":"2026-04-28T11:37:56","slug":"la-cadena-ser-lanza-su-nueva-app-una-nueva-forma-de-disfrutar-de-la-radio-mas-visual-completa-y-personalizada","status":"publish","type":"post","link":"https:\/\/serbenidorm.daliisolutions.com\/index.php\/2026\/04\/28\/la-cadena-ser-lanza-su-nueva-app-una-nueva-forma-de-disfrutar-de-la-radio-mas-visual-completa-y-personalizada\/","title":{"rendered":"La Cadena SER lanza su nueva app: una nueva forma de disfrutar de la radio, m\u00e1s visual, completa y personalizada"},"content":{"rendered":" <p>La <a href=\"https:\/\/eur01.safelinks.protection.outlook.com\/?url=https%3A%2F%2Fcadenaser.com%2F&amp;data=05%7C02%7Crcbaez%40prisaradio.com%7Ce9f2a994529542f9acbb08dea4414645%7Cc4fd49f3e15a44d882e2c909735d2e45%7C0%7C0%7C639128797429367040%7CUnknown%7CTWFpbGZsb3d8eyJFbXB0eU1hcGkiOnRydWUsIlYiOiIwLjAuMDAwMCIsIlAiOiJXaW4zMiIsIkFOIjoiTWFpbCIsIldUIjoyfQ%3D%3D%7C0%7C%7C%7C&amp;sdata=qMqbm1fCxv8kbXZGxd%2B%2Fme64ptBH9PjG5yCnB4KrwzU%3D&amp;reserved=0\" target=\"_blank\" rel=\"nofollow\" title=\"https:\/\/cadenaser.com\/\">Cadena SER<\/a> presenta su nueva aplicaci\u00f3n m\u00f3vil, una evoluci\u00f3n de su ecosistema digital que reorganiza la manera de acceder a sus contenidos para ofrecer una experiencia de consumo m\u00e1s integrada y completa. En un \u00fanico espacio, la nueva <i>app<\/i> de la SER re\u00fane la emisi\u00f3n en directo, los programas a la carta, el cat\u00e1logo de podcast, una amplia selecci\u00f3n de v\u00eddeo y la informaci\u00f3n de actualidad, tanto de su programaci\u00f3n nacional como la de su red de emisoras regionales y locales. <\/p>  <p>La renovaci\u00f3n se adapta al cambio en los h\u00e1bitos de consumo de la informaci\u00f3n, en los que el directo de la radio convive cada vez m\u00e1s con el audio bajo demanda y los formatos audiovisuales, y especialmente en versi\u00f3n m\u00f3vil. Con esta actualizaci\u00f3n, la SER moderniza su propuesta digital para facilitar la navegaci\u00f3n entre lo que est\u00e1 ocurriendo en ese momento y lo que el usuario quiere escuchar despu\u00e9s. <\/p>  <p>La nueva <i>app<\/i> ofrece en su portada una mayor selecci\u00f3n editorial en formato audiovisual -informaci\u00f3n, entretenimiento, cultura, deporte o humor- y da mayor visibilidad a los contenidos m\u00e1s relevantes de la antena. A trav\u00e9s de v\u00eddeos cortos, piezas destacadas del d\u00eda y carruseles tem\u00e1ticos, la aplicaci\u00f3n permite explorar audios y v\u00eddeos de forma m\u00e1s din\u00e1mica. Adem\u00e1s, incorpora el espacio \u201cDescubre\u201d de destacados en v\u00eddeo seleccionados por la redacci\u00f3n de la SER que ayudan al usuario a identificar contenidos informativos y de entretenimiento para completar la experiencia de consumo acompa\u00f1ado con un audio. Esta secci\u00f3n apoya la reorganizaci\u00f3n del cat\u00e1logo de podcast, que gana visibilidad con nuevos bloques de audio y v\u00eddeo pensados para facilitar su localizaci\u00f3n. <\/p>  <p>\u201cQueremos que la SER acompa\u00f1e a sus oyentes en todo momento, en directo con la mejor programaci\u00f3n de radio, o bajo demanda, con una oferta muy variada de contenidos, muy pegada a la actualidad. S\u00ed quieres saber m\u00e1s, si buscas un momento para aprender, disfrutar o re\u00edr, la vida pasa cada d\u00eda por la app de la SER\u201d, afirma Fran Llorente, director Editorial y de Contenidos de Radio y Negocio Audiovisual en la SER. <\/p>  <p>Respecto al resto de aplicaciones de radio, la red de emisoras locales de la SER se consolida como uno de los principales valores diferenciales. La aplicaci\u00f3n permite seleccionar cualquiera de las emisoras de la amplia red de la SER para que el oyente, est\u00e9 donde est\u00e9, pueda escuchar los contenidos de proximidad personal m\u00e1s afines y elegir la emisora que quieras en cualquier momento. <\/p>  <p>Con la actualizaci\u00f3n de la <i>app<\/i>, <a href=\"https:\/\/eur01.safelinks.protection.outlook.com\/?url=https%3A%2F%2Fcadenaser.com%2Festaticos%2Frecursosgraficos%2Fdescarga-app%2Fsmartlink-descarga-ser.html&amp;data=05%7C02%7Crcbaez%40prisaradio.com%7Ce9f2a994529542f9acbb08dea4414645%7Cc4fd49f3e15a44d882e2c909735d2e45%7C0%7C0%7C639128797429400189%7CUnknown%7CTWFpbGZsb3d8eyJFbXB0eU1hcGkiOnRydWUsIlYiOiIwLjAuMDAwMCIsIlAiOiJXaW4zMiIsIkFOIjoiTWFpbCIsIldUIjoyfQ%3D%3D%7C0%7C%7C%7C&amp;sdata=qpTBsnPIetovhEJCNzaeRj9IP5p1z311wfbmtFndwmI%3D&amp;reserved=0\" target=\"_blank\" rel=\"nofollow\" title=\"https:\/\/cadenaser.com\/estaticos\/recursosgraficos\/descarga-app\/smartlink-descarga-ser.html\">disponible para dispositivos iOS y Android<\/a>, es posible gestionar el directo de las distintas emisiones simult\u00e1neas de la programaci\u00f3n de la SER y de su oferta alternativa digital. Cuando hay varias se\u00f1ales activas, el reproductor se despliega autom\u00e1ticamente al acceder a la aplicaci\u00f3n para mostrar los directos disponibles en ese momento y facilitar el cambio entre ellos. Tambi\u00e9n aparecer\u00e1n en la portada de la aplicaci\u00f3n en formato carrusel. <\/p>  <p>En cuanto a las novedades para la escucha bajo demanda, destaca la posibilidad de retomar los audios que han quedado pendientes de finalizar, facilitando a los usuarios registrados una escucha continua y sin interrupciones. La aplicaci\u00f3n mejora as\u00ed su experiencia, que cuenta con funcionalidades como la creaci\u00f3n de <i>playlists<\/i>, la descarga de contenidos para escuchar sin conexi\u00f3n, el seguimiento de programas y podcast o la posibilidad de mantener el punto exacto de reproducci\u00f3n. <\/p>  <p>Para Pablo Delgado, director de Tecnolog\u00eda y Data de PRISA, \u201cla prioridad clara ha sido que los oyentes puedan disfrutar de sus contenidos favoritos en cualquier lugar y en la manera que mejor se adapte a sus necesidades en cada momento. La nueva <i>app <\/i>no solo aporta nuevos formatos de audio y de video, sino que sigue ofreciendo la mejor experiencia de radio en directo\u201d. <\/p> ","protected":false},"excerpt":{"rendered":"<p>Toda una selecci\u00f3n de informaci\u00f3n destacada en v\u00eddeo en la nueva secci\u00f3n \u201cDescubre\u201d<\/p>\n<p>La plataforma re\u00fane en un \u00fanico espacio todo lo que ocurre en la SER y sus emisoras<\/p>\n<p>El cat\u00e1logo de podcast de la SER gana visibilidad con nuevos bloques de audio y v\u00eddeo<\/p>\n<p>Con la actualizaci\u00f3n de la app, disponible para dispositivos iOS y Android, es posible personalizar el directo de las distintas emisiones simult\u00e1neas<\/p>\n","protected":false},"author":0,"featured_media":24430,"comment_status":"","ping_status":"open","sticky":false,"template":"","format":"standard","meta":{"_acf_changed":false,"footnotes":""},"categories":[1],"tags":[],"class_list":["post-24429","post","type-post","status-publish","format-standard","has-post-thumbnail","hentry","category-sin-categoria"],"acf":{"ser_id":"5L56IOCZBBEATNLNOBVSBYEFLA","ser_url":"https:\/\/cadenaser.com\/nacional\/2026\/04\/27\/la-cadena-ser-lanza-su-nueva-app-una-nueva-forma-de-disfrutar-de-la-radio-mas-visual-completa-y-personalizada-cadena-ser\/"},"_links":{"self":[{"href":"https:\/\/serbenidorm.daliisolutions.com\/index.php\/wp-json\/wp\/v2\/posts\/24429","targetHints":{"allow":["GET"]}}],"collection":[{"href":"https:\/\/serbenidorm.daliisolutions.com\/index.php\/wp-json\/wp\/v2\/posts"}],"about":[{"href":"https:\/\/serbenidorm.daliisolutions.com\/index.php\/wp-json\/wp\/v2\/types\/post"}],"replies":[{"embeddable":true,"href":"https:\/\/serbenidorm.daliisolutions.com\/index.php\/wp-json\/wp\/v2\/comments?post=24429"}],"version-history":[{"count":0,"href":"https:\/\/serbenidorm.daliisolutions.com\/index.php\/wp-json\/wp\/v2\/posts\/24429\/revisions"}],"wp:featuredmedia":[{"embeddable":true,"href":"https:\/\/serbenidorm.daliisolutions.com\/index.php\/wp-json\/wp\/v2\/media\/24430"}],"wp:attachment":[{"href":"https:\/\/serbenidorm.daliisolutions.com\/index.php\/wp-json\/wp\/v2\/media?parent=24429"}],"wp:term":[{"taxonomy":"category","embeddable":true,"href":"https:\/\/serbenidorm.daliisolutions.com\/index.php\/wp-json\/wp\/v2\/categories?post=24429"},{"taxonomy":"post_tag","embeddable":true,"href":"https:\/\/serbenidorm.daliisolutions.com\/index.php\/wp-json\/wp\/v2\/tags?post=24429"}],"curies":[{"name":"wp","href":"https:\/\/api.w.org\/{rel}","templated":true}]}}