{"id":24431,"date":"2026-04-28T13:37:57","date_gmt":"2026-04-28T11:37:57","guid":{"rendered":"https:\/\/serbenidorm.daliisolutions.com\/index.php\/2026\/04\/28\/arnau-caparros-pone-punto-y-final-a-su-carrera-deportiva\/"},"modified":"2026-04-28T13:37:57","modified_gmt":"2026-04-28T11:37:57","slug":"arnau-caparros-pone-punto-y-final-a-su-carrera-deportiva","status":"publish","type":"post","link":"https:\/\/serbenidorm.daliisolutions.com\/index.php\/2026\/04\/28\/arnau-caparros-pone-punto-y-final-a-su-carrera-deportiva\/","title":{"rendered":"Arnau Caparr\u00f3s pone punto y final a su carrera deportiva"},"content":{"rendered":" <p>El Servigroup Playas de Benidorm despide a una de sus grandes figuras de los \u00faltimos a\u00f1os. El opuesto catal\u00e1n Arnau Caparr\u00f3s ha anunciado su retirada del voleibol profesional, poniendo fin a una trayectoria marcada por la entrega, la regularidad y su decisiva aportaci\u00f3n en los momentos clave.<\/p>  <p>La noticia supone un punto de inflexi\u00f3n para el conjunto benidormense, que pierde a uno de los jugadores m\u00e1s determinantes de su historia reciente. Caparr\u00f3s cierra as\u00ed una etapa de cinco temporadas en las que se convirti\u00f3 en un referente ofensivo y en una pieza fundamental en los \u00e9xitos deportivos del club.<\/p>  <p>Durante su paso por el equipo, Caparr\u00f3s no solo destac\u00f3 por sus n\u00fameros, sino tambi\u00e9n por su car\u00e1cter competitivo y su capacidad para aparecer en los momentos m\u00e1s exigentes. Su potencia en ataque y su garra sobre la pista le consolidaron como uno de los jugadores m\u00e1s queridos por la afici\u00f3n, dejando una huella imborrable en el pabell\u00f3n.<\/p>  <p>En la presente temporada, su rol cambi\u00f3 respecto a cursos anteriores. Con una menor participaci\u00f3n y compartiendo protagonismo con compa\u00f1eros como Miguel \u00c1ngel Mart\u00ednez, el catal\u00e1n asumi\u00f3 su papel con una actitud ejemplar. Lejos de bajar los brazos, se convirti\u00f3 en un apoyo constante para el equipo, aportando experiencia, liderazgo y calidad cada vez que el t\u00e9cnico recurri\u00f3 a \u00e9l.<\/p>  <p>Sus estad\u00edsticas reflejan que su talento se mantuvo intacto hasta el \u00faltimo momento. En sus apariciones m\u00e1s recientes, Caparr\u00f3s super\u00f3 el 60% de efectividad en ataque, unos registros que evidencian su fiabilidad y capacidad para seguir siendo decisivo incluso en un contexto de menor protagonismo. Adem\u00e1s, su aportaci\u00f3n al balance del equipo fue siempre positiva, sumando en cada oportunidad que tuvo sobre la pista.<\/p>  <p>M\u00e1s all\u00e1 de los n\u00fameros, el legado de Arnau Caparr\u00f3s en el Servigroup Playas de Benidorm trasciende lo puramente deportivo. Su compromiso con el club, su profesionalidad diaria y su implicaci\u00f3n en el vestuario le han convertido en un ejemplo para las nuevas generaciones y en un jugador respetado tanto dentro como fuera de la cancha.<\/p>  <p>El club ha querido mostrar p\u00fablicamente su agradecimiento por estos cinco a\u00f1os \u201cinolvidables\u201d, destacando no solo su rendimiento, sino tambi\u00e9n su comportamiento y su forma de entender el deporte. La entidad pierde a un jugador clave, pero se queda con el recuerdo de una etapa en la que Caparr\u00f3s fue uno de los grandes baluartes ofensivos.<\/p>  <p>Con su retirada, se cierra un ciclo importante en la historia reciente del equipo benidormense. Ahora, el futuro se abre tanto para el club como para el propio jugador, que inicia una nueva etapa en su vida lejos de la competici\u00f3n profesional.<\/p>  <p>Desde el Servigroup Playas de Benidorm le han trasladado sus mejores deseos en sus pr\u00f3ximos proyectos personales, convencidos de que afrontar\u00e1 esta nueva fase con la misma determinaci\u00f3n y compromiso que ha demostrado durante toda su carrera deportiva.<\/p> ","protected":false},"excerpt":{"rendered":"<p>El opuesto catal\u00e1n ha defendido los intereses del Servigroup Benidorm las \u00faltimas cinco temporadas<\/p>\n","protected":false},"author":0,"featured_media":24432,"comment_status":"","ping_status":"open","sticky":false,"template":"","format":"standard","meta":{"_acf_changed":false,"footnotes":""},"categories":[16],"tags":[],"class_list":["post-24431","post","type-post","status-publish","format-standard","has-post-thumbnail","hentry","category-deportes"],"acf":{"ser_id":"YVVJSSXICBBJPHAI3MAQMESP7U","ser_url":"https:\/\/cadenaser.com\/comunitat-valenciana\/2026\/04\/28\/arnau-caparros-pone-punto-y-final-a-su-carrera-deportiva-radio-benidorm\/"},"_links":{"self":[{"href":"https:\/\/serbenidorm.daliisolutions.com\/index.php\/wp-json\/wp\/v2\/posts\/24431","targetHints":{"allow":["GET"]}}],"collection":[{"href":"https:\/\/serbenidorm.daliisolutions.com\/index.php\/wp-json\/wp\/v2\/posts"}],"about":[{"href":"https:\/\/serbenidorm.daliisolutions.com\/index.php\/wp-json\/wp\/v2\/types\/post"}],"replies":[{"embeddable":true,"href":"https:\/\/serbenidorm.daliisolutions.com\/index.php\/wp-json\/wp\/v2\/comments?post=24431"}],"version-history":[{"count":0,"href":"https:\/\/serbenidorm.daliisolutions.com\/index.php\/wp-json\/wp\/v2\/posts\/24431\/revisions"}],"wp:featuredmedia":[{"embeddable":true,"href":"https:\/\/serbenidorm.daliisolutions.com\/index.php\/wp-json\/wp\/v2\/media\/24432"}],"wp:attachment":[{"href":"https:\/\/serbenidorm.daliisolutions.com\/index.php\/wp-json\/wp\/v2\/media?parent=24431"}],"wp:term":[{"taxonomy":"category","embeddable":true,"href":"https:\/\/serbenidorm.daliisolutions.com\/index.php\/wp-json\/wp\/v2\/categories?post=24431"},{"taxonomy":"post_tag","embeddable":true,"href":"https:\/\/serbenidorm.daliisolutions.com\/index.php\/wp-json\/wp\/v2\/tags?post=24431"}],"curies":[{"name":"wp","href":"https:\/\/api.w.org\/{rel}","templated":true}]}}