{"id":24433,"date":"2026-04-28T13:37:57","date_gmt":"2026-04-28T11:37:57","guid":{"rendered":"https:\/\/serbenidorm.daliisolutions.com\/index.php\/2026\/04\/28\/el-taberna-andaluza-benidorm-peleara-por-el-ascenso-a-primera-nacional\/"},"modified":"2026-04-28T13:37:57","modified_gmt":"2026-04-28T11:37:57","slug":"el-taberna-andaluza-benidorm-peleara-por-el-ascenso-a-primera-nacional","status":"publish","type":"post","link":"https:\/\/serbenidorm.daliisolutions.com\/index.php\/2026\/04\/28\/el-taberna-andaluza-benidorm-peleara-por-el-ascenso-a-primera-nacional\/","title":{"rendered":"El Taberna Andaluza Benidorm pelear\u00e1 por el ascenso a Primera Nacional"},"content":{"rendered":" <p>El Club Voleibol Playas de Benidorm ha cerrado con gran \u00e9xito un fin de semana en el que dos de sus equipos iban a pelear por los t\u00edtulos de campeones de la Comunitat Valenciana despu\u00e9s de haberse hecho con un oro y una plata en esas finales.<\/p>  <p>Sin duda, en el Auton\u00f3mico donde m\u00e1s cosas hab\u00eda en juego era en el S\u00e9nior Masculino, donde el Taberna Andaluza de Benidorm supo hacer valer su condici\u00f3n de favorito para hacerse con el t\u00edtulo de campe\u00f3n y lograr as\u00ed el pasaporte para la disputa del ascenso a la Primera Nacional.<\/p>  <p>Y todo ello, pese a que los benidormenses tuvieron que sufrir, quiz\u00e1s algo m\u00e1s de la cuenta, ante el B\u00e9tera local, al que acabaron derrotando por 2-3 y el Camp de Turia, tambi\u00e9n valenciano, ante el que repitieron el mismo resultado. En el tercer y \u00faltimo partido frente al Torrent las cosas fueron algo m\u00e1s sencillas y el Taberna Andaluza de Benidorm se anot\u00f3 el triunfo por 3-1.<\/p>  <p>Por su parte, el Odin Systems de la categor\u00eda Cadete masculina supo hacerse con el subcampeonato auton\u00f3mico y, por lo tanto, pelear\u00e1 este a\u00f1o por el t\u00edtulo de Campe\u00f3n de Espa\u00f1a.<\/p>  <p>En el caso de los de Iv\u00e1n Navarro s\u00f3lo el Salesianos Elche, el equipo que el propio entrenador ya se\u00f1al\u00f3 como su gran rival en esta fase, pudo con ellos. Tras esa derrota inicial por 1-3, el Odin Systems Benidorm se impuso al Conqueridor Valencia por 1-3 y a El Campello por 0-3.<\/p> ","protected":false},"excerpt":{"rendered":"<p>El equipo Cadete masculino se ha alzado con el subcampeonato de la Comunitat Valenciana<\/p>\n","protected":false},"author":0,"featured_media":24434,"comment_status":"","ping_status":"open","sticky":false,"template":"","format":"standard","meta":{"_acf_changed":false,"footnotes":""},"categories":[16],"tags":[],"class_list":["post-24433","post","type-post","status-publish","format-standard","has-post-thumbnail","hentry","category-deportes"],"acf":{"ser_id":"VW3QS6UGIZEC5OFZC54RRGMLBQ","ser_url":"https:\/\/cadenaser.com\/comunitat-valenciana\/2026\/04\/27\/el-taberna-andaluza-benidorm-peleara-por-el-ascenso-a-primera-nacional-radio-benidorm\/"},"_links":{"self":[{"href":"https:\/\/serbenidorm.daliisolutions.com\/index.php\/wp-json\/wp\/v2\/posts\/24433","targetHints":{"allow":["GET"]}}],"collection":[{"href":"https:\/\/serbenidorm.daliisolutions.com\/index.php\/wp-json\/wp\/v2\/posts"}],"about":[{"href":"https:\/\/serbenidorm.daliisolutions.com\/index.php\/wp-json\/wp\/v2\/types\/post"}],"replies":[{"embeddable":true,"href":"https:\/\/serbenidorm.daliisolutions.com\/index.php\/wp-json\/wp\/v2\/comments?post=24433"}],"version-history":[{"count":0,"href":"https:\/\/serbenidorm.daliisolutions.com\/index.php\/wp-json\/wp\/v2\/posts\/24433\/revisions"}],"wp:featuredmedia":[{"embeddable":true,"href":"https:\/\/serbenidorm.daliisolutions.com\/index.php\/wp-json\/wp\/v2\/media\/24434"}],"wp:attachment":[{"href":"https:\/\/serbenidorm.daliisolutions.com\/index.php\/wp-json\/wp\/v2\/media?parent=24433"}],"wp:term":[{"taxonomy":"category","embeddable":true,"href":"https:\/\/serbenidorm.daliisolutions.com\/index.php\/wp-json\/wp\/v2\/categories?post=24433"},{"taxonomy":"post_tag","embeddable":true,"href":"https:\/\/serbenidorm.daliisolutions.com\/index.php\/wp-json\/wp\/v2\/tags?post=24433"}],"curies":[{"name":"wp","href":"https:\/\/api.w.org\/{rel}","templated":true}]}}