{"id":24435,"date":"2026-04-28T13:37:57","date_gmt":"2026-04-28T11:37:57","guid":{"rendered":"https:\/\/serbenidorm.daliisolutions.com\/index.php\/2026\/04\/28\/hector-alvarez-brilla-junto-a-enaut-urkaregui-en-la-copa-del-mundo-de-nilai\/"},"modified":"2026-04-28T13:37:57","modified_gmt":"2026-04-28T11:37:57","slug":"hector-alvarez-brilla-junto-a-enaut-urkaregui-en-la-copa-del-mundo-de-nilai","status":"publish","type":"post","link":"https:\/\/serbenidorm.daliisolutions.com\/index.php\/2026\/04\/28\/hector-alvarez-brilla-junto-a-enaut-urkaregui-en-la-copa-del-mundo-de-nilai\/","title":{"rendered":"H\u00e9ctor \u00c1lvarez brilla junto a E\u00f1aut Urkaregui en la Copa del Mundo de Nilai"},"content":{"rendered":" <p>La selecci\u00f3n espa\u00f1ola de ciclismo en pista cerr\u00f3 su participaci\u00f3n en la Copa del Mundo disputada en Nilai (Malasia) con una novena posici\u00f3n en la prueba de madison, un resultado que dej\u00f3 sensaciones encontradas tras el notable rendimiento mostrado por la joven dupla formada por el alfasino H\u00e9ctor \u00c1lvarez y E\u00f1aut Urkaregui.<\/p>  <p>La victoria en esta \u00faltima jornada fue para la pareja alemana formada por Moritz Augenstein y Roger Kluge, actuales campeones continentales, que se impusieron con autoridad tras una carrera muy din\u00e1mica y estrat\u00e9gica.<\/p>  <p>\u00c1lvarez y Urkaregui sorprendieron desde el inicio, mostr\u00e1ndose activos en los sprints intermedios y, especialmente, con un ataque en solitario en el primer tercio de carrera que les permiti\u00f3 sumar una vuelta y lograr un valioso bonus de veinte puntos.<\/p>  <p>Ese movimiento les situ\u00f3 de forma provisional en cabeza, compitiendo de t\u00fa a t\u00fa con potencias como Pa\u00edses Bajos, Alemania o Nueva Zelanda. Durante buena parte de la prueba, la pareja espa\u00f1ola se mantuvo en el grupo delantero, llegando incluso a colocarse en segunda posici\u00f3n tras sumar cinco puntos en uno de los sprints intermedios.<\/p>  <p>Sin embargo, la segunda mitad de la prueba result\u00f3 determinante. Los continuos ataques de las selecciones m\u00e1s fuertes para ganar vueltas terminaron por romper la carrera. Espa\u00f1a no pudo seguir ese ritmo estrat\u00e9gico, lo que acab\u00f3 condicionando sus opciones de podio.<\/p>  <p>A falta de 60 vueltas, \u00c1lvarez y Urkaregui a\u00fan se manten\u00edan en una meritoria cuarta posici\u00f3n, pero la acumulaci\u00f3n de esfuerzos y la falta de reacci\u00f3n ante los movimientos clave les hicieron perder terreno en el tramo decisivo.<\/p>  <p>Finalmente, una vuelta perdida en el \u00faltimo tercio de carrera releg\u00f3 al d\u00fao espa\u00f1ol hasta la novena posici\u00f3n final, con 19 puntos, un resultado que no refleja del todo el nivel competitivo mostrado durante gran parte de la prueba.<\/p> ","protected":false},"excerpt":{"rendered":"<p>El ciclista alfasino demostr\u00f3, junto a su compa\u00f1ero, que son una de las duplas con m\u00e1s futuro en la disciplina<\/p>\n","protected":false},"author":0,"featured_media":24436,"comment_status":"","ping_status":"open","sticky":false,"template":"","format":"standard","meta":{"_acf_changed":false,"footnotes":""},"categories":[16],"tags":[],"class_list":["post-24435","post","type-post","status-publish","format-standard","has-post-thumbnail","hentry","category-deportes"],"acf":{"ser_id":"GAYHPUNZBVBXHELIL5JE2VKFD4","ser_url":"https:\/\/cadenaser.com\/comunitat-valenciana\/2026\/04\/27\/hector-alvarez-brilla-junto-a-enaut-urkaregui-en-la-copa-del-mundo-de-nilai-radio-benidorm\/"},"_links":{"self":[{"href":"https:\/\/serbenidorm.daliisolutions.com\/index.php\/wp-json\/wp\/v2\/posts\/24435","targetHints":{"allow":["GET"]}}],"collection":[{"href":"https:\/\/serbenidorm.daliisolutions.com\/index.php\/wp-json\/wp\/v2\/posts"}],"about":[{"href":"https:\/\/serbenidorm.daliisolutions.com\/index.php\/wp-json\/wp\/v2\/types\/post"}],"replies":[{"embeddable":true,"href":"https:\/\/serbenidorm.daliisolutions.com\/index.php\/wp-json\/wp\/v2\/comments?post=24435"}],"version-history":[{"count":0,"href":"https:\/\/serbenidorm.daliisolutions.com\/index.php\/wp-json\/wp\/v2\/posts\/24435\/revisions"}],"wp:featuredmedia":[{"embeddable":true,"href":"https:\/\/serbenidorm.daliisolutions.com\/index.php\/wp-json\/wp\/v2\/media\/24436"}],"wp:attachment":[{"href":"https:\/\/serbenidorm.daliisolutions.com\/index.php\/wp-json\/wp\/v2\/media?parent=24435"}],"wp:term":[{"taxonomy":"category","embeddable":true,"href":"https:\/\/serbenidorm.daliisolutions.com\/index.php\/wp-json\/wp\/v2\/categories?post=24435"},{"taxonomy":"post_tag","embeddable":true,"href":"https:\/\/serbenidorm.daliisolutions.com\/index.php\/wp-json\/wp\/v2\/tags?post=24435"}],"curies":[{"name":"wp","href":"https:\/\/api.w.org\/{rel}","templated":true}]}}