{"id":24437,"date":"2026-04-28T13:37:58","date_gmt":"2026-04-28T11:37:58","guid":{"rendered":"https:\/\/serbenidorm.daliisolutions.com\/index.php\/2026\/04\/28\/el-terralfas-albir-natura-pone-el-broche-de-oro-a-una-temporada-historica\/"},"modified":"2026-04-28T13:37:58","modified_gmt":"2026-04-28T11:37:58","slug":"el-terralfas-albir-natura-pone-el-broche-de-oro-a-una-temporada-historica","status":"publish","type":"post","link":"https:\/\/serbenidorm.daliisolutions.com\/index.php\/2026\/04\/28\/el-terralfas-albir-natura-pone-el-broche-de-oro-a-una-temporada-historica\/","title":{"rendered":"El Terralf\u00e0s Albir Natura pone el broche de oro a una temporada hist\u00f3rica"},"content":{"rendered":" <p>El equipo senior del CB Terralf\u00e0s Albir Natura ha vivido una temporada para el recuerdo que ha culminado este domingo con una gran fiesta en el pabell\u00f3n Pau Gasol. El conjunto dirigido por Manu Fuster ha logrado un doble \u00e9xito deportivo al proclamarse campe\u00f3n auton\u00f3mico de la Copa y campe\u00f3n de Liga Auton\u00f3mica, sellando adem\u00e1s el ascenso a Primera Nacional.<\/p>  <p>El primer gran hito lleg\u00f3 en marzo, cuando el equipo alfasino se impuso en la final de la Copa al CB Guadassuar por un contundente 77-64. Aquel triunfo no solo supuso levantar el trofeo, sino que confirm\u00f3 el enorme potencial de una plantilla que ha mantenido un rendimiento sobresaliente durante toda la campa\u00f1a.<\/p>  <p>Lejos de relajarse tras ese \u00e9xito, el CB Terralf\u00e0s Albir Natura continu\u00f3 compitiendo al m\u00e1ximo nivel en la Liga Auton\u00f3mica. Con una regularidad destacada y un juego s\u00f3lido, el equipo logr\u00f3 certificar el campeonato liguero y, con ello, el ascenso al Campeonato de Espa\u00f1a de 1\u00aa Divisi\u00f3n Masculina, un salto de categor\u00eda que premia el trabajo realizado durante toda la temporada.<\/p>  <p>La celebraci\u00f3n de este domingo reuni\u00f3 a numerosos aficionados que no quisieron perderse el reconocimiento a sus jugadores. El pabell\u00f3n Pau Gasol se convirti\u00f3 en el escenario de una fiesta en la que equipo y seguidores compartieron la alegr\u00eda por los \u00e9xitos conseguidos.<\/p>  <p>El acto cont\u00f3 tambi\u00e9n con la presencia institucional del concejal de Deportes, Jos\u00e9 Plaza, y del directivo del club Vicente P\u00e9rez, quienes acompa\u00f1aron a la plantilla en este momento tan especial. Ambos destacaron el esfuerzo, la dedicaci\u00f3n y el compromiso de todos los integrantes del equipo, as\u00ed como el papel fundamental de la afici\u00f3n durante toda la temporada.<\/p>  <p>Bajo la direcci\u00f3n de Manu Fuster, el CB Terralf\u00e0s Albir Natura ha construido un bloque competitivo, capaz de sobreponerse a los momentos dif\u00edciles y mantener un alto nivel de juego en cada jornada. La combinaci\u00f3n de talento, trabajo colectivo y ambici\u00f3n ha sido clave para alcanzar los objetivos marcados al inicio del curso.<\/p>  <p>Con el ascenso ya asegurado, el club afronta ahora nuevos retos en una categor\u00eda superior, donde buscar\u00e1 seguir creciendo y consolid\u00e1ndose. La temporada 2025-2026 quedar\u00e1, sin duda, como una de las m\u00e1s exitosas en la historia reciente del CB Terralf\u00e0s, un equipo que ha demostrado que el esfuerzo y la constancia tienen recompensa.<\/p>  <p>La fiesta vivida este domingo no solo sirvi\u00f3 para celebrar t\u00edtulos, sino tambi\u00e9n para reforzar el v\u00ednculo entre el equipo y su afici\u00f3n, que ha sido una pieza clave en este camino hacia el \u00e9xito.<\/p> ","protected":false},"excerpt":{"rendered":"<p>El conjunto masculino celebra junto a su afici\u00f3n un a\u00f1o inolvidable con doble t\u00edtulo y ascenso<\/p>\n","protected":false},"author":0,"featured_media":24438,"comment_status":"","ping_status":"open","sticky":false,"template":"","format":"standard","meta":{"_acf_changed":false,"footnotes":""},"categories":[16],"tags":[],"class_list":["post-24437","post","type-post","status-publish","format-standard","has-post-thumbnail","hentry","category-deportes"],"acf":{"ser_id":"XZPLCKJUH5CZLIDJCDERNUSJN4","ser_url":"https:\/\/cadenaser.com\/comunitat-valenciana\/2026\/04\/27\/el-terralfas-albir-natura-pone-el-broche-de-oro-a-una-temporada-historica-radio-benidorm\/"},"_links":{"self":[{"href":"https:\/\/serbenidorm.daliisolutions.com\/index.php\/wp-json\/wp\/v2\/posts\/24437","targetHints":{"allow":["GET"]}}],"collection":[{"href":"https:\/\/serbenidorm.daliisolutions.com\/index.php\/wp-json\/wp\/v2\/posts"}],"about":[{"href":"https:\/\/serbenidorm.daliisolutions.com\/index.php\/wp-json\/wp\/v2\/types\/post"}],"replies":[{"embeddable":true,"href":"https:\/\/serbenidorm.daliisolutions.com\/index.php\/wp-json\/wp\/v2\/comments?post=24437"}],"version-history":[{"count":0,"href":"https:\/\/serbenidorm.daliisolutions.com\/index.php\/wp-json\/wp\/v2\/posts\/24437\/revisions"}],"wp:featuredmedia":[{"embeddable":true,"href":"https:\/\/serbenidorm.daliisolutions.com\/index.php\/wp-json\/wp\/v2\/media\/24438"}],"wp:attachment":[{"href":"https:\/\/serbenidorm.daliisolutions.com\/index.php\/wp-json\/wp\/v2\/media?parent=24437"}],"wp:term":[{"taxonomy":"category","embeddable":true,"href":"https:\/\/serbenidorm.daliisolutions.com\/index.php\/wp-json\/wp\/v2\/categories?post=24437"},{"taxonomy":"post_tag","embeddable":true,"href":"https:\/\/serbenidorm.daliisolutions.com\/index.php\/wp-json\/wp\/v2\/tags?post=24437"}],"curies":[{"name":"wp","href":"https:\/\/api.w.org\/{rel}","templated":true}]}}