{"id":2452,"date":"2024-02-16T16:19:00","date_gmt":"2024-02-16T15:19:00","guid":{"rendered":"https:\/\/serbenidorm.daliisolutions.com\/index.php\/2024\/02\/16\/la-generalitat-anuncia-14-5-millones-en-cuatro-anos-para-renovar-la-depuradora-de-benidorm\/"},"modified":"2024-02-16T16:19:00","modified_gmt":"2024-02-16T15:19:00","slug":"la-generalitat-anuncia-14-5-millones-en-cuatro-anos-para-renovar-la-depuradora-de-benidorm","status":"publish","type":"post","link":"https:\/\/serbenidorm.daliisolutions.com\/index.php\/2024\/02\/16\/la-generalitat-anuncia-14-5-millones-en-cuatro-anos-para-renovar-la-depuradora-de-benidorm\/","title":{"rendered":"La Generalitat  anuncia 14, 5 millones en cuatro a\u00f1os para renovar la depuradora de Benidorm"},"content":{"rendered":"  <p>Benidorm<\/p>   <p>El president de la Generalitat, Carlos Maz\u00f3n, ha anunciado una  inversi\u00f3n de 14,5 millones de euros para<a href=\"https:\/\/cadenaser.com\/tag\/benidorm\/a\/\" target=\"_blank\" rel=\"noopener\"> renovar y mejorar todo el sistema de depuraci\u00f3n de aguas en Benidorm en cuatro a\u00f1os<\/a>, lo que supone \u201cla mayor inversi\u00f3n de la Generalitat en materia de depuraci\u00f3n de aguas  en la Marina Baja en las \u00faltimas d\u00e9cadas\u201d.<\/p>   <p>As\u00ed lo ha se\u00f1alado el jefe del Consell tras su visita a la Estaci\u00f3n  Depuradora de Aguas Residuales de Benidorm, donde ha avanzado que en las  pr\u00f3ximas semanas se producir\u00e1 la firma del convenio para la renovaci\u00f3n  de la red de saneamiento y depuraci\u00f3n de aguas residuales de esta ciudad  entre la Generalitat, a trav\u00e9s de la Conselleria de Medio Ambiente, Agua, Infraestructuras y Territorio, la entidad p\u00fablica de Saneamiento  de Aguas Residuales de la Comunitat Valenciana (EPSAR) y el ayuntamiento  de Benidorm.<\/p>   <p>Durante su visita, Carlos Maz\u00f3n ha subrayado el compromiso del  Consell en materia h\u00eddrica. As\u00ed, ha afirmado que \u201cdijimos que iba a ser  la legislatura del agua y lo estamos cumpliendo, tenemos el objetivo de  vertidos cero y lo estamos cumpliendo\u201d.<\/p>  <p><p>M\u00e1s informaci\u00f3n<\/p><figure><img decoding=\"async\" src=\"https:\/\/cadenaser.com\/resizer\/QFzoOggiY5iWFcvluhQ8JjJbybo=\/650x366\/filters:quality(70)\/cloudfront-eu-central-1.images.arcpublishing.com\/prisaradio\/GRPJVFYG4NDHJEPG34F6FSWSD4.PNG\" loading=\"lazy\" width=\"828\" height=\"621\" \/><\/figure><ul><li><a href=\"https:\/\/cadenaser.com\/comunitat-valenciana\/2024\/02\/14\/adjudican-por-31-millones-la-mejora-de-los-accesos-al-hospital-de-la-vila-joiosa-radio-benidorm\/\">Adjudican por 3,1 millones la mejora de los accesos al hospital de La Vila Joiosa<\/a><\/li><\/ul><\/p>   <p>Igualmente, ha hecho referencia a que en tan solo seis meses se ha saldado la \u201cdeuda hist\u00f3rica\u201d de la Generalitat Valenciana en depuraci\u00f3n de aguas en Benidorm.<\/p>   <p>Carlos Maz\u00f3n ha se\u00f1alado que esta inversi\u00f3n constituye \u201cun ejemplo de aprovechamiento del agua que tenemos en nuestro territorio y del  fomento de la depuraci\u00f3n en lugar de la desalaci\u00f3n\u201d. As\u00ed ha defendido que \u201cse trata de evitar que el agua llegue al mar para no tener que  sacarla de nuevo porque es menos sostenible, cuesta m\u00e1s energ\u00e9ticamente y no es la soluci\u00f3n\u201d.<\/p>   <p>Igualmente, ha indicado que con esta infraestructura se cumple con \u201cel discurso del ciclo h\u00eddrico integral, sostenible, medioambiental y  ecol\u00f3gico del agua en la Comunitat Valenciana que es lo que nos permite reclamar el agua que nos falta una vez hechos los deberes y demostrado que la solidaridad y la sostenibilidad es compatible\u201d.<\/p>   <p>En este sentido, ha puesto a Benidorm y la Marina Baja como ejemplo de responsabilidad en materia h\u00eddrica y ha recordado el liderazgo de la  Comunitat Valencia en reutilizaci\u00f3n de agua al reciclar el 40% del agua de toda Espa\u00f1a.<\/p>   <p>Renovaci\u00f3n de la red de saneamiento de Benidorm<\/p>   <p>Las actuaciones previstas para renovar el sistema de saneamiento y depuraci\u00f3n de aguas residuales de Benidorm pondr\u00e1n fin a las  deficiencias por obsolescencia que presenta en la actualidad y ser\u00e1n financiadas en un 90% por la Generalitat.<\/p>   <p>Entre las actuaciones que se contemplan cabe destacar la reforma de las instalaciones el\u00e9ctricas de las estaciones de bombeos, la reparaci\u00f3n  de la estaci\u00f3n de bombeo del Parque de Elche y la mejora de la l\u00ednea de tratamiento de agua antigua (l\u00ednea B). Asimismo, se prev\u00e9 la adecuaci\u00f3n  del edificio de taller, control y personal de la estaci\u00f3n depuradora de  aguas residuales (EDAR), as\u00ed como la mejora de l\u00ednea de tratamiento de  fangos.<\/p>   <p>En su visita a la Estaci\u00f3n Depuradora de Aguas Residuales de Benidorm le han acompa\u00f1ado la consellera Medio Ambiente, Agua, Infraestructuras y Territorio que preside Salom\u00e9 Pradas y el alcalde de Benidorm y presidente de la Diputaci\u00f3n de Alicante, Toni P\u00e9rez, entre otras autoridades.<\/p> ","protected":false},"excerpt":{"rendered":"<p>En una visita del president Carlos Maz\u00f3n a la Estaci\u00f3n Depuradora de Aguas Residuales de Benidorm<\/p>\n","protected":false},"author":0,"featured_media":2453,"comment_status":"open","ping_status":"open","sticky":false,"template":"","format":"standard","meta":{"_acf_changed":false,"footnotes":""},"categories":[1],"tags":[],"class_list":["post-2452","post","type-post","status-publish","format-standard","has-post-thumbnail","hentry","category-sin-categoria"],"acf":{"ser_id":"SEWXAS4JHVAKTL5LC6LIES6ZQE","ser_url":"https:\/\/cadenaser.com\/comunitat-valenciana\/2024\/02\/16\/la-generalitat-anuncia-14-5-millones-en-cuatro-anos-para-renovar-la-depuradora-de-benidorm-radio-benidorm\/"},"_links":{"self":[{"href":"https:\/\/serbenidorm.daliisolutions.com\/index.php\/wp-json\/wp\/v2\/posts\/2452","targetHints":{"allow":["GET"]}}],"collection":[{"href":"https:\/\/serbenidorm.daliisolutions.com\/index.php\/wp-json\/wp\/v2\/posts"}],"about":[{"href":"https:\/\/serbenidorm.daliisolutions.com\/index.php\/wp-json\/wp\/v2\/types\/post"}],"replies":[{"embeddable":true,"href":"https:\/\/serbenidorm.daliisolutions.com\/index.php\/wp-json\/wp\/v2\/comments?post=2452"}],"version-history":[{"count":0,"href":"https:\/\/serbenidorm.daliisolutions.com\/index.php\/wp-json\/wp\/v2\/posts\/2452\/revisions"}],"wp:featuredmedia":[{"embeddable":true,"href":"https:\/\/serbenidorm.daliisolutions.com\/index.php\/wp-json\/wp\/v2\/media\/2453"}],"wp:attachment":[{"href":"https:\/\/serbenidorm.daliisolutions.com\/index.php\/wp-json\/wp\/v2\/media?parent=2452"}],"wp:term":[{"taxonomy":"category","embeddable":true,"href":"https:\/\/serbenidorm.daliisolutions.com\/index.php\/wp-json\/wp\/v2\/categories?post=2452"},{"taxonomy":"post_tag","embeddable":true,"href":"https:\/\/serbenidorm.daliisolutions.com\/index.php\/wp-json\/wp\/v2\/tags?post=2452"}],"curies":[{"name":"wp","href":"https:\/\/api.w.org\/{rel}","templated":true}]}}