{"id":2457,"date":"2024-02-16T20:11:38","date_gmt":"2024-02-16T19:11:38","guid":{"rendered":"https:\/\/serbenidorm.daliisolutions.com\/index.php\/2024\/02\/16\/la-marina-baixa-se-prepara-para-la-sequia-estos-son-los-tres-escenarios-posibles\/"},"modified":"2024-02-16T20:11:38","modified_gmt":"2024-02-16T19:11:38","slug":"la-marina-baixa-se-prepara-para-la-sequia-estos-son-los-tres-escenarios-posibles","status":"publish","type":"post","link":"https:\/\/serbenidorm.daliisolutions.com\/index.php\/2024\/02\/16\/la-marina-baixa-se-prepara-para-la-sequia-estos-son-los-tres-escenarios-posibles\/","title":{"rendered":"La Marina Baixa se prepara para la sequ\u00eda: estos son los tres escenarios posibles"},"content":{"rendered":"  <p>Benidorm<\/p>   <p>La Marina Baixa empieza a estudiar la compra de agua para abastecer a su poblaci\u00f3n este verano. Es pronto para saber si ser\u00e1 o no necesario y en qu\u00e9 cantidad, pero <a href=\"https:\/\/cadenaser.com\/tag\/comarca_la_marina_baixa\/a\/\" target=\"_blank\" rel=\"noopener\">el Consorcio de Aguas de la comarca ya ha planteado los posibles escenarios a los que se podr\u00eda enfrentar<\/a> en los pr\u00f3ximos meses en funci\u00f3n de cu\u00e1nto llueva. <\/p>   <p>As\u00ed se ha puesto de manifiesto este viernes en una sesi\u00f3n extraordinaria de la Junta General de este consorcio con la aprobaci\u00f3n del Plan de Emergencia en situaci\u00f3n de sequ\u00eda por una pr\u00e1ctica unanimidad, solo ha habido un voto en contra. Este plan contempla tres situaciones:<\/p>   <p><li>Ausencia total de lluvias durante la primavera, lo que conllevar\u00eda que a finales del mes de junio la Marina Baixa entrar\u00eda en situaci\u00f3n de emergencia y ser\u00edan necesarios aportes externos cifrados entre 3 y 5 hect\u00f3metros c\u00fabicos. Este ser\u00eda el escenario m\u00e1s pesimista. <\/li><li>Recibir las lluvias habituales en esta estaci\u00f3n, con lo que los aportes externos ser\u00edan tambi\u00e9n los habituales. <\/li><li>El \u00faltimo escenario previsto plantea la llegada de precipitaciones en primavera, pero no de forma suficiente. De ser as\u00ed, los aportes externos previstos para el verano se situar\u00edan entre uno y tres hect\u00f3metros c\u00fabicos.<\/li><\/p>   <p>Prealerta de sequ\u00eda en la Marina Baixa desde diciembre<\/p>   <p>En la reuni\u00f3n de la Junta General del Consorcio de Aguas tambi\u00e9n se ha dado cuenta del Informe de Situaci\u00f3n de Abastecimiento, el cual indica que el a\u00f1o 2023 ha sido \u201cmuy seco\u201d y en el que se constata que \u201cno hay datos de un oto\u00f1o tan seco como este en la comarca\u201d. <\/p>   <p>Una situaci\u00f3n que lleva al Consorcio a posicionarse en contra de los caudales ecol\u00f3gicos en los r\u00edos Guadalest y Amadorio, al contrario de lo que sostiene la Confederaci\u00f3n Hidrogr\u00e1fica del J\u00facar (CHJ). El Consorcio, de hecho, esgrime un estudio realizado junto a la Universidad de Alicante que defiende que ambos r\u00edos \u201cson ef\u00edmeros\u201d, en contraposici\u00f3n al criterio de la Confederaci\u00f3n, que se\u00f1ala que se trata de r\u00edos permanentes.<\/p>  <p><p class=\"tit\"><span>Hora 14 Benidorm (16\/02\/2024)<\/span><\/p> <p class=\"emb\"><iframe loading=\"lazy\" src=\"https:\/\/cadenaser.com\/embed\/audio\/460\/cadenaser_benidorm_hora14benidorm_20240216_141700_143000\/\" width=\"100%\" height=\"360\" frameborder=\"0\" allowfullscreen><\/iframe><\/p><\/p>   <p>El citado informe tambi\u00e9n destaca la necesidad de continuar mejorando el almacenamiento de agua puesto que<a href=\"https:\/\/cadenaser.com\/tag\/sequia\/a\/\" target=\"_blank\" rel=\"noopener\"> \u201ccada hect\u00f3metro c\u00fabico procedente de la EDAR de Mutxamel supone un mill\u00f3n de euros\u201d <\/a>y en el mismo sentido se indica que hay que continuar avanzando en la renovaci\u00f3n de infraestructuras y en la optimizaci\u00f3n de los sistemas de riego en la comarca.<\/p>  <p><p>M\u00e1s informaci\u00f3n<\/p><figure><img decoding=\"async\" src=\"https:\/\/cadenaser.com\/resizer\/zYvNJ2ScC2apS0JtqUknYaYDZWE=\/650x366\/filters:quality(70)\/cloudfront-eu-central-1.images.arcpublishing.com\/prisaradio\/ALIUZNXEG5FNLLLEZ32JMRLBNM.jpeg\" loading=\"lazy\" width=\"828\" height=\"621\" \/><\/figure><ul><li><a href=\"https:\/\/cadenaser.com\/comunitat-valenciana\/2024\/02\/16\/la-generalitat-anuncia-14-5-millones-en-cuatro-anos-para-renovar-la-depuradora-de-benidorm-radio-benidorm\/\">La Generalitat anuncia 14, 5 millones en cuatro a\u00f1os para renovar la depuradora de Benidorm<\/a><\/li><\/ul><\/p>   <p>Y es que, seg\u00fan se enfatiza en el informe, esa inversi\u00f3n continuada en el tiempo es la que ha permitido mantener el consumo a lo largo de los a\u00f1os a pesar del aumento de poblaci\u00f3n. <\/p>   <p>As\u00ed, en el a\u00f1o 2000 la poblaci\u00f3n en la Marina Baixa era de 120.000 personas y el consumo de agua era entonces de 19,92 hect\u00f3metros c\u00fabicos. En 2019 la poblaci\u00f3n en la comarca hab\u00eda crecido hasta las 170.000 personas y, sin embargo, el consumo se hab\u00eda mantenido en 19,74 hect\u00f3metros c\u00fabicos. El informe recalca que la demanda se ha mantenido \u201ca causa de la inversi\u00f3n realizada en la mayor\u00eda de las redes de abastecimiento\u201d.<\/p> ","protected":false},"excerpt":{"rendered":"<p>Depender\u00e1 de las lluvias que se registren en primavera<\/p>\n","protected":false},"author":0,"featured_media":2458,"comment_status":"open","ping_status":"open","sticky":false,"template":"","format":"standard","meta":{"_acf_changed":false,"footnotes":""},"categories":[1],"tags":[],"class_list":["post-2457","post","type-post","status-publish","format-standard","has-post-thumbnail","hentry","category-sin-categoria"],"acf":{"ser_id":"R6BCLP2KOFG5NP7GJQA2QVWP6Q","ser_url":"https:\/\/cadenaser.com\/comunitat-valenciana\/2024\/02\/16\/la-marina-baixa-se-prepara-para-la-sequia-estos-son-los-tres-escenarios-posibles-radio-benidorm\/"},"_links":{"self":[{"href":"https:\/\/serbenidorm.daliisolutions.com\/index.php\/wp-json\/wp\/v2\/posts\/2457","targetHints":{"allow":["GET"]}}],"collection":[{"href":"https:\/\/serbenidorm.daliisolutions.com\/index.php\/wp-json\/wp\/v2\/posts"}],"about":[{"href":"https:\/\/serbenidorm.daliisolutions.com\/index.php\/wp-json\/wp\/v2\/types\/post"}],"replies":[{"embeddable":true,"href":"https:\/\/serbenidorm.daliisolutions.com\/index.php\/wp-json\/wp\/v2\/comments?post=2457"}],"version-history":[{"count":0,"href":"https:\/\/serbenidorm.daliisolutions.com\/index.php\/wp-json\/wp\/v2\/posts\/2457\/revisions"}],"wp:featuredmedia":[{"embeddable":true,"href":"https:\/\/serbenidorm.daliisolutions.com\/index.php\/wp-json\/wp\/v2\/media\/2458"}],"wp:attachment":[{"href":"https:\/\/serbenidorm.daliisolutions.com\/index.php\/wp-json\/wp\/v2\/media?parent=2457"}],"wp:term":[{"taxonomy":"category","embeddable":true,"href":"https:\/\/serbenidorm.daliisolutions.com\/index.php\/wp-json\/wp\/v2\/categories?post=2457"},{"taxonomy":"post_tag","embeddable":true,"href":"https:\/\/serbenidorm.daliisolutions.com\/index.php\/wp-json\/wp\/v2\/tags?post=2457"}],"curies":[{"name":"wp","href":"https:\/\/api.w.org\/{rel}","templated":true}]}}