{"id":2476,"date":"2024-02-18T11:12:30","date_gmt":"2024-02-18T10:12:30","guid":{"rendered":"https:\/\/serbenidorm.daliisolutions.com\/index.php\/2024\/02\/18\/el-tm-benidorm-firma-un-excelente-partido-en-su-reencuentro-con-el-palau\/"},"modified":"2024-02-18T11:12:30","modified_gmt":"2024-02-18T10:12:30","slug":"el-tm-benidorm-firma-un-excelente-partido-en-su-reencuentro-con-el-palau","status":"publish","type":"post","link":"https:\/\/serbenidorm.daliisolutions.com\/index.php\/2024\/02\/18\/el-tm-benidorm-firma-un-excelente-partido-en-su-reencuentro-con-el-palau\/","title":{"rendered":"El TM Benidorm firma un excelente partido en su reencuentro con el Palau"},"content":{"rendered":"  <p>Benidorm<\/p>   <p>Si a estas alturas alguien todav\u00eda puede dudar de la importancia que para un deportista tiene jugar en su casa y ante su propio p\u00fablico, s\u00f3lo debe de analizar lo sucedido en la tarde de este s\u00e1bado en el Palau d\u2019Esports l\u2019Illa de Benidorm, al que el <a href=\"https:\/\/cadenaser.com\/tag\/club_balonmano_benidorm\/a\/\" target=\"_blank\" rel=\"noopener\">TM Benidorm<\/a> volv\u00eda despu\u00e9s de poco m\u00e1s de dos meses sin pisar su casa y sin contar con el aliento masivo de su afici\u00f3n (descontando el partido en el exilio disputado en Alicante ante Sinf\u00edn).<\/p>   <p>Volverse a ver arropados por un ambiente tan conocido y por una afici\u00f3n, de nuevo, entregada a la causa fue, al parecer, fundamental para que los de Sergio Carballeira despejaran todas esas imprecisiones y dudas que hab\u00edan mostrando tanto <a href=\"https:\/\/cadenaser.com\/comunitat-valenciana\/2024\/02\/05\/el-tm-benidorm-sufre-para-imponerse-al-blendio-sinfin-radio-benidorm\/\" target=\"_blank\" rel=\"noopener\">en Alicante contra Sinf\u00edn<\/a> como, sobre todo, <a href=\"https:\/\/cadenaser.com\/comunitat-valenciana\/2024\/02\/12\/el-tm-benidorm-se-deja-los-dos-puntos-en-un-mal-partido-en-leon-radio-benidorm\/\" target=\"_blank\" rel=\"noopener\">en Le\u00f3n ante el Ademar<\/a> y protagonizaran uno de sus partidos m\u00e1s brillantes de la temporada, sin apenas fallos destacables, y desnortando, sobre todo en la segunda mitad, a su rival.<\/p>  <p><p>M\u00e1s informaci\u00f3n<\/p><figure><img decoding=\"async\" src=\"https:\/\/cadenaser.com\/resizer\/tqoV24rtkk3_Y16KXkJqwSc9VAc=\/650x366\/filters:quality(70)\/cloudfront-eu-central-1.images.arcpublishing.com\/prisaradio\/6SSS3K4UNBGLLLBHUKUPS74RUQ.JPG\" loading=\"lazy\" width=\"828\" height=\"621\" \/><\/figure><ul><li><a href=\"https:\/\/cadenaser.com\/comunitat-valenciana\/2023\/09\/05\/todos-los-partidos-los-horarios-y-los-resultados-del-tm-benidorm-2023-2024-radio-benidorm\/\">Todos los partidos, los horarios y los resultados del TM Benidorm 2023-2024<\/a><\/li><\/ul><\/p>   <p>Finalmente, el 32-23 final refleja claramente la superioridad del conjunto local, apoyado en un excelso Ramiro Mart\u00ednez, m\u00e1ximo anotador benidormense, en un choque en el que, eso s\u00ed, nadie destac\u00f3 en exceso, pero en el que tampoco nadie desenton\u00f3 por abajo en una actuaci\u00f3n coral de alt\u00edsimo nivel.<\/p>   <p>Tras este triunfo, el TM Benidorm se coloca en la octava posici\u00f3n de la clasificaci\u00f3n y acaricia, si es que no lo tiene ya hecho, la salvaci\u00f3n virtual, primer gran objetivo del a\u00f1o. A partir de ahora, ya con menos presi\u00f3n, ser\u00e1 el momento de comprobar si este equipo puede \u2018soltarse el brazo\u2019 y dar todav\u00eda m\u00e1s sorpresas.<\/p> ","protected":false},"excerpt":{"rendered":"<p>Los de Sergio Carballeira brillaron en todas las facetas del juego para imponerse sin paliativos al Cangas<\/p>\n","protected":false},"author":0,"featured_media":2477,"comment_status":"open","ping_status":"open","sticky":false,"template":"","format":"standard","meta":{"_acf_changed":false,"footnotes":""},"categories":[16],"tags":[],"class_list":["post-2476","post","type-post","status-publish","format-standard","has-post-thumbnail","hentry","category-deportes"],"acf":{"ser_id":"55PP2B2TDVDRBB5GDWSXIZQT3M","ser_url":"https:\/\/cadenaser.com\/comunitat-valenciana\/2024\/02\/18\/el-tm-benidorm-firma-un-excelente-partido-en-su-reencuentro-con-el-palau-radio-benidorm\/"},"_links":{"self":[{"href":"https:\/\/serbenidorm.daliisolutions.com\/index.php\/wp-json\/wp\/v2\/posts\/2476","targetHints":{"allow":["GET"]}}],"collection":[{"href":"https:\/\/serbenidorm.daliisolutions.com\/index.php\/wp-json\/wp\/v2\/posts"}],"about":[{"href":"https:\/\/serbenidorm.daliisolutions.com\/index.php\/wp-json\/wp\/v2\/types\/post"}],"replies":[{"embeddable":true,"href":"https:\/\/serbenidorm.daliisolutions.com\/index.php\/wp-json\/wp\/v2\/comments?post=2476"}],"version-history":[{"count":0,"href":"https:\/\/serbenidorm.daliisolutions.com\/index.php\/wp-json\/wp\/v2\/posts\/2476\/revisions"}],"wp:featuredmedia":[{"embeddable":true,"href":"https:\/\/serbenidorm.daliisolutions.com\/index.php\/wp-json\/wp\/v2\/media\/2477"}],"wp:attachment":[{"href":"https:\/\/serbenidorm.daliisolutions.com\/index.php\/wp-json\/wp\/v2\/media?parent=2476"}],"wp:term":[{"taxonomy":"category","embeddable":true,"href":"https:\/\/serbenidorm.daliisolutions.com\/index.php\/wp-json\/wp\/v2\/categories?post=2476"},{"taxonomy":"post_tag","embeddable":true,"href":"https:\/\/serbenidorm.daliisolutions.com\/index.php\/wp-json\/wp\/v2\/tags?post=2476"}],"curies":[{"name":"wp","href":"https:\/\/api.w.org\/{rel}","templated":true}]}}