{"id":2478,"date":"2024-02-18T11:12:31","date_gmt":"2024-02-18T10:12:31","guid":{"rendered":"https:\/\/serbenidorm.daliisolutions.com\/index.php\/2024\/02\/18\/andalucia-y-cataluna-futuro-del-futbol-sala-en-espana\/"},"modified":"2024-02-18T11:12:31","modified_gmt":"2024-02-18T10:12:31","slug":"andalucia-y-cataluna-futuro-del-futbol-sala-en-espana","status":"publish","type":"post","link":"https:\/\/serbenidorm.daliisolutions.com\/index.php\/2024\/02\/18\/andalucia-y-cataluna-futuro-del-futbol-sala-en-espana\/","title":{"rendered":"Andaluc\u00eda y Catalu\u00f1a, futuro del f\u00fatbol sala en Espa\u00f1a"},"content":{"rendered":"  <p>Benidorm<\/p>   <p>El Palau d\u2019Esports l\u2019Illa de Benidorm acogi\u00f3 este fin de semana las semifinales y las finales de los campeonatos de Espa\u00f1a de f\u00fatbol sala femenino por selecciones auton\u00f3micas para las categor\u00edas Sub-16 y Sub-19, dos competiciones que hab\u00edan llenado ya de partidos, en sus fases de grupos, los pabellones de La Nuc\u00eda y de l\u2019Alf\u00e0s del Pi antes de recaer en la capital tur\u00edstica para decidir las medallas.<\/p>   <p>En lo que respecta la categor\u00eda Sub-16, Andaluc\u00eda y Madrid fueron las dos selecciones auton\u00f3micas que protagonizaron una gran final con claro dominio andaluz como refleja el resultado final de 7-0 de ese encuentro. Un oro, el de las andaluzas, que rubrica un extraordinario torneo en el que s\u00f3lo recibieron un gol en contra.<\/p>   <p>Por lo que respecta a las selecciones Sub-19, se enfrentaron Catalu\u00f1a y Madrid. Las catalanas se encontraron con un gol en contra poco antes dedel final de la primera parte. Sin embargo, con tes\u00f3n y poder\u00edo f\u00edsico pudieron empatar poco antes de la finalizaci\u00f3n del encuentro, forzando as\u00ed una pr\u00f3rroga en el que el marcador no se movi\u00f3.<\/p>   <p>As\u00ed las cosas, ser\u00edan los penaltis los que dictar\u00edan sentencia definitiva, con Catalu\u00f1a llev\u00e1ndose el oro.<\/p> ","protected":false},"excerpt":{"rendered":"<p>La seleccionadora nacional, Cl\u00e0udia Pons, sigui\u00f3 las finales en las gradas del Palau d\u2019Esports l\u2019Illa de Benidorm<\/p>\n","protected":false},"author":0,"featured_media":2479,"comment_status":"open","ping_status":"open","sticky":false,"template":"","format":"standard","meta":{"_acf_changed":false,"footnotes":""},"categories":[16],"tags":[],"class_list":["post-2478","post","type-post","status-publish","format-standard","has-post-thumbnail","hentry","category-deportes"],"acf":{"ser_id":"HOTM45NV3BGODILEZABXPOAHNA","ser_url":"https:\/\/cadenaser.com\/comunitat-valenciana\/2024\/02\/18\/andalucia-y-cataluna-futuro-del-futbol-sala-en-espana-radio-benidorm\/"},"_links":{"self":[{"href":"https:\/\/serbenidorm.daliisolutions.com\/index.php\/wp-json\/wp\/v2\/posts\/2478","targetHints":{"allow":["GET"]}}],"collection":[{"href":"https:\/\/serbenidorm.daliisolutions.com\/index.php\/wp-json\/wp\/v2\/posts"}],"about":[{"href":"https:\/\/serbenidorm.daliisolutions.com\/index.php\/wp-json\/wp\/v2\/types\/post"}],"replies":[{"embeddable":true,"href":"https:\/\/serbenidorm.daliisolutions.com\/index.php\/wp-json\/wp\/v2\/comments?post=2478"}],"version-history":[{"count":0,"href":"https:\/\/serbenidorm.daliisolutions.com\/index.php\/wp-json\/wp\/v2\/posts\/2478\/revisions"}],"wp:featuredmedia":[{"embeddable":true,"href":"https:\/\/serbenidorm.daliisolutions.com\/index.php\/wp-json\/wp\/v2\/media\/2479"}],"wp:attachment":[{"href":"https:\/\/serbenidorm.daliisolutions.com\/index.php\/wp-json\/wp\/v2\/media?parent=2478"}],"wp:term":[{"taxonomy":"category","embeddable":true,"href":"https:\/\/serbenidorm.daliisolutions.com\/index.php\/wp-json\/wp\/v2\/categories?post=2478"},{"taxonomy":"post_tag","embeddable":true,"href":"https:\/\/serbenidorm.daliisolutions.com\/index.php\/wp-json\/wp\/v2\/tags?post=2478"}],"curies":[{"name":"wp","href":"https:\/\/api.w.org\/{rel}","templated":true}]}}