{"id":2495,"date":"2024-02-19T11:09:29","date_gmt":"2024-02-19T10:09:29","guid":{"rendered":"https:\/\/serbenidorm.daliisolutions.com\/index.php\/2024\/02\/19\/el-futbol-provincial-se-cita-en-su-gran-noche-en-la-nucia\/"},"modified":"2024-02-19T11:09:29","modified_gmt":"2024-02-19T10:09:29","slug":"el-futbol-provincial-se-cita-en-su-gran-noche-en-la-nucia","status":"publish","type":"post","link":"https:\/\/serbenidorm.daliisolutions.com\/index.php\/2024\/02\/19\/el-futbol-provincial-se-cita-en-su-gran-noche-en-la-nucia\/","title":{"rendered":"El f\u00fatbol provincial se cita en su gran noche en La Nuc\u00eda"},"content":{"rendered":"  <p>Benidorm<\/p>   <p>El f\u00fatbol base provincial de Alicante se reunir\u00e1 esta tarde (19:30 horas) en el pabell\u00f3n Camilo Cano de La Nuc\u00eda para celebrar la gala de entrega de trofeos correspondiente a la temporada 2022-2023 y en la que se entregar\u00e1n los 172 trofeos a los equipos campeones del f\u00fatbol base y el f\u00fatbol sala base de toda la provincia.<\/p>   <p>Esta ser\u00e1 la und\u00e9cima ocasi\u00f3n en la que, desde el a\u00f1o 2012, la gran fiesta del f\u00fatbol y f\u00fatbol sala base provincial se celebrar\u00e1 en la Ciutat Esportiva Camilo Cano. As\u00ed, durante unas horas La Nuc\u00eda se convertir\u00e1 en la sede del f\u00fatbol base de la provincia de Alicante con esta Gala Anual de entrega de Trofeos, que premiar\u00e1 a los campeones de cada grupo. Habr\u00e1 equipos de todos los puntos de la geograf\u00eda alicantina: Villena, Campello, Torrevieja, Santa Pola, Elda, Elche, Benissa, Alcoy, Catral, Ibi, Calpe, Orihuela, Alicante, Albatera, Pinoso, Guardamar\u2026etc.<\/p>   <p>Entre los premiados habr\u00e1 tres equipos del Club de F\u00fatbol La Nuc\u00eda, demostrando el gran momento de la cantera futbol\u00edstica nuciera. Ser\u00e1n los campeones de liga nucieros de la temporada 2022-2023 el CF La Nuc\u00eda B Prebenjam\u00edn de primer a\u00f1o, el CF La Nuc\u00eda A Cadete y el CF La Nuc\u00eda A Femenino ganador de la Lliga A Punt Valenta.<\/p> ","protected":false},"excerpt":{"rendered":"<p>La gala servir\u00e1 para premiar a los campeones de todos los grupos de la temporada 2022-2023<\/p>\n","protected":false},"author":0,"featured_media":2496,"comment_status":"open","ping_status":"open","sticky":false,"template":"","format":"standard","meta":{"_acf_changed":false,"footnotes":""},"categories":[16],"tags":[],"class_list":["post-2495","post","type-post","status-publish","format-standard","has-post-thumbnail","hentry","category-deportes"],"acf":{"ser_id":"BBMVRFY5WRDVPPY4RYQZPE7O5Q","ser_url":"https:\/\/cadenaser.com\/comunitat-valenciana\/2024\/02\/19\/el-futbol-provincial-se-cita-en-su-gran-noche-en-la-nucia-radio-benidorm\/"},"_links":{"self":[{"href":"https:\/\/serbenidorm.daliisolutions.com\/index.php\/wp-json\/wp\/v2\/posts\/2495","targetHints":{"allow":["GET"]}}],"collection":[{"href":"https:\/\/serbenidorm.daliisolutions.com\/index.php\/wp-json\/wp\/v2\/posts"}],"about":[{"href":"https:\/\/serbenidorm.daliisolutions.com\/index.php\/wp-json\/wp\/v2\/types\/post"}],"replies":[{"embeddable":true,"href":"https:\/\/serbenidorm.daliisolutions.com\/index.php\/wp-json\/wp\/v2\/comments?post=2495"}],"version-history":[{"count":0,"href":"https:\/\/serbenidorm.daliisolutions.com\/index.php\/wp-json\/wp\/v2\/posts\/2495\/revisions"}],"wp:featuredmedia":[{"embeddable":true,"href":"https:\/\/serbenidorm.daliisolutions.com\/index.php\/wp-json\/wp\/v2\/media\/2496"}],"wp:attachment":[{"href":"https:\/\/serbenidorm.daliisolutions.com\/index.php\/wp-json\/wp\/v2\/media?parent=2495"}],"wp:term":[{"taxonomy":"category","embeddable":true,"href":"https:\/\/serbenidorm.daliisolutions.com\/index.php\/wp-json\/wp\/v2\/categories?post=2495"},{"taxonomy":"post_tag","embeddable":true,"href":"https:\/\/serbenidorm.daliisolutions.com\/index.php\/wp-json\/wp\/v2\/tags?post=2495"}],"curies":[{"name":"wp","href":"https:\/\/api.w.org\/{rel}","templated":true}]}}