{"id":2499,"date":"2024-02-19T12:55:57","date_gmt":"2024-02-19T11:55:57","guid":{"rendered":"https:\/\/serbenidorm.daliisolutions.com\/index.php\/2024\/02\/19\/36o-festival-de-cine-de-lalfas-del-pi-abierto-el-plazo-para-participar-en-el-concurso-de-cortos\/"},"modified":"2024-02-19T12:55:57","modified_gmt":"2024-02-19T11:55:57","slug":"36o-festival-de-cine-de-lalfas-del-pi-abierto-el-plazo-para-participar-en-el-concurso-de-cortos","status":"publish","type":"post","link":"https:\/\/serbenidorm.daliisolutions.com\/index.php\/2024\/02\/19\/36o-festival-de-cine-de-lalfas-del-pi-abierto-el-plazo-para-participar-en-el-concurso-de-cortos\/","title":{"rendered":"36\u00ba Festival de Cine de l\u2019Alf\u00e0s del Pi: abierto el plazo para participar en el concurso de cortos"},"content":{"rendered":"  <p>L&#8217;Alf\u00e0s del Pi<\/p>   <p>Ya se ha abierto el plazo para participar en el <a href=\"https:\/\/cadenaser.com\/tag\/lalfas_del_pi\/a\/\" target=\"_blank\" rel=\"noopener\">36\u00ba Certamen Nacional de Cortometrajes de l\u2019Alf\u00e0s del Pi<\/a>, un concurso que convoca el Festival de Cine, abierto a productores y realizadores espa\u00f1oles de pel\u00edculas de ficci\u00f3n realizadas durante los a\u00f1os 2023 y 2024 que no superen los 30 minutos de duraci\u00f3n.<\/p>   <p>Podr\u00e1n concurrir los cortometrajes realizados durante los a\u00f1os 2023 y 2024 que no hayan sido presentados en ediciones anteriores. No ser\u00e1n admitidos cortometrajes documentales ni de animaci\u00f3n y cada autor podr\u00e1 presentar un m\u00e1ximo de dos cortometrajes.<\/p>   <p>Este es uno de los cert\u00e1menes nacionales de cortometrajes que mayor cuant\u00eda destina a su secci\u00f3n competitiva. El edil de Cultura Manuel Casado ha recordado que se reparten 8.000 euros en premios.<\/p>  <p><p>M\u00e1s informaci\u00f3n<\/p><figure><img decoding=\"async\" src=\"https:\/\/cadenaser.com\/resizer\/lrxm1398Qg73_CHh_lNzYNtO1XY=\/650x366\/filters:quality(70)\/cloudfront-eu-central-1.images.arcpublishing.com\/prisaradio\/GVBVAAXNVJH73FWBBB4SUG7QO4.jpeg\" loading=\"lazy\" width=\"828\" height=\"621\" \/><\/figure><ul><li><a href=\"https:\/\/cadenaser.com\/comunitat-valenciana\/2024\/01\/26\/lalfas-del-pi-se-presenta-en-fitur-como-sede-del-congreso-internacional-bandera-azul-2024-radio-benidorm\/\">L&#8217;Alf\u00e0s del Pi se presenta en Fitur como sede del Congreso Internacional Bandera Azul 2024<\/a><\/li><\/ul><\/p>   <p>El Festival concede un primer premio, dotado con 4.000 euros y Faro de Plata, un segundo premio de 2.000 euros y un tercer premio de 1.000 euros.<\/p>   <p>As\u00ed mismo, el Festival concede un premio al mejor cortometraje valenciano, dotado con 500 euros, y un premio al mejor corto dirigido por mujeres, tambi\u00e9n de 500 euros, que otorga en colaboraci\u00f3n con las asociaciones Huellas de Mujer y CIMA (Asociaci\u00f3n de Mujeres Cineastas y de Medio Audiovisuales).<\/p>   <p>Galardones sin dotaci\u00f3n econ\u00f3mica a la Mejor Direcci\u00f3n, Mejor Gui\u00f3n, Mejor Actor, Mejor Actriz y Mejor Fotograf\u00eda<\/p>   <p>Como en ediciones anteriores, el corto ganador podr\u00e1 concurrir a los Premios Goya en la categor\u00eda de Mejor Cortometraje Nacional de Ficci\u00f3n, al haber sido elegido el Festival de Cine de l\u2019Alf\u00e0s del Pi por la Academia de las Artes y las Ciencias Cinematogr\u00e1ficas de Espa\u00f1a para hacer la preselecci\u00f3n de candidatos.<\/p>   <p>El 36 Festival de Cine de l\u2019Alf\u00e0s del Pi se celebrar\u00e1 del 5 al 14 de julio. Un certamen que tiene como principal misi\u00f3n la promoci\u00f3n del cine realizado en Espa\u00f1a y, especialmente, de los cortometrajes espa\u00f1oles. Seg\u00fan ha destacado Casado \u00abes la cita cultural m\u00e1s importante del a\u00f1o y tambi\u00e9n la de mayor promoci\u00f3n y repercusi\u00f3n desde el punto de vista tur\u00edstico.\u00bb<\/p>   <p>El plazo de inscripci\u00f3n concluye el 12 de mayo<\/p>   <p>El plazo para participar en el 36 Certamen Nacional de Cortometrajes de l\u2019Alf\u00e0s del Pi concluir\u00e1 el pr\u00f3ximo 12 de mayo de 2024. Un comit\u00e9 formado por representantes del Festival de Cine se encargar\u00e1 de seleccionar, entre todas las cintas recibidas, aquellas que entrar\u00e1n a concurso. La inscripci\u00f3n se realiza por procedimiento online a trav\u00e9s de las plataformas Festhome y Movibeta.<\/p>   <p>En la pasada edici\u00f3n del Festival se presentaron un total de 1.048 cortosprocedentes de toda Espa\u00f1a, de los que 27 compitieron en la Secci\u00f3n Oficial, resultando ganador \u2018Madreselva\u2019, de Nata Moreno.<\/p> ","protected":false},"excerpt":{"rendered":"<p>El primer premio est\u00e1 dotado con 4.000 euros y el Faro de Plata<\/p>\n","protected":false},"author":0,"featured_media":2500,"comment_status":"open","ping_status":"open","sticky":false,"template":"","format":"standard","meta":{"_acf_changed":false,"footnotes":""},"categories":[1],"tags":[],"class_list":["post-2499","post","type-post","status-publish","format-standard","has-post-thumbnail","hentry","category-sin-categoria"],"acf":{"ser_id":"NUU3K4MNZRGGZGIINARIANOAQ4","ser_url":"https:\/\/cadenaser.com\/comunitat-valenciana\/2024\/02\/19\/36-festival-de-cine-de-lalfas-del-pi-abierto-el-plazo-para-participar-en-el-concurso-de-cortos-radio-benidorm\/"},"_links":{"self":[{"href":"https:\/\/serbenidorm.daliisolutions.com\/index.php\/wp-json\/wp\/v2\/posts\/2499","targetHints":{"allow":["GET"]}}],"collection":[{"href":"https:\/\/serbenidorm.daliisolutions.com\/index.php\/wp-json\/wp\/v2\/posts"}],"about":[{"href":"https:\/\/serbenidorm.daliisolutions.com\/index.php\/wp-json\/wp\/v2\/types\/post"}],"replies":[{"embeddable":true,"href":"https:\/\/serbenidorm.daliisolutions.com\/index.php\/wp-json\/wp\/v2\/comments?post=2499"}],"version-history":[{"count":0,"href":"https:\/\/serbenidorm.daliisolutions.com\/index.php\/wp-json\/wp\/v2\/posts\/2499\/revisions"}],"wp:featuredmedia":[{"embeddable":true,"href":"https:\/\/serbenidorm.daliisolutions.com\/index.php\/wp-json\/wp\/v2\/media\/2500"}],"wp:attachment":[{"href":"https:\/\/serbenidorm.daliisolutions.com\/index.php\/wp-json\/wp\/v2\/media?parent=2499"}],"wp:term":[{"taxonomy":"category","embeddable":true,"href":"https:\/\/serbenidorm.daliisolutions.com\/index.php\/wp-json\/wp\/v2\/categories?post=2499"},{"taxonomy":"post_tag","embeddable":true,"href":"https:\/\/serbenidorm.daliisolutions.com\/index.php\/wp-json\/wp\/v2\/tags?post=2499"}],"curies":[{"name":"wp","href":"https:\/\/api.w.org\/{rel}","templated":true}]}}