{"id":25,"date":"2023-11-29T15:21:05","date_gmt":"2023-11-29T14:21:05","guid":{"rendered":"https:\/\/serbenidorm.daliisolutions.com\/index.php\/2023\/11\/29\/benidorm-aprueba-destinar-2-millones-a-la-nueva-campana-del-bono-consumo-de-navidad\/"},"modified":"2023-11-29T15:21:05","modified_gmt":"2023-11-29T14:21:05","slug":"benidorm-aprueba-destinar-2-millones-a-la-nueva-campana-del-bono-consumo-de-navidad","status":"publish","type":"post","link":"https:\/\/serbenidorm.daliisolutions.com\/index.php\/2023\/11\/29\/benidorm-aprueba-destinar-2-millones-a-la-nueva-campana-del-bono-consumo-de-navidad\/","title":{"rendered":"Benidorm aprueba destinar 2 millones a la nueva campa\u00f1a del bono consumo de Navidad"},"content":{"rendered":" Benidorm  El pleno del Ayuntamiento de Benidorm ha dado hoy luz verde a una  modificaci\u00f3n presupuestaria que viabiliza la puesta en marcha de una nueva edici\u00f3n del <a href=\"https:\/\/cadenaser.com\/tag\/benidorm\/a\/\" target=\"_blank\" rel=\"noopener\">bono consumo \u00abBenidorm Te Da M\u00e1s\u00bb<\/a>. Esta campa\u00f1a prevista para Navidad pondr\u00e1 en circulaci\u00f3n en torno a dos millones de euros que supondr\u00e1n una inyecci\u00f3n econ\u00f3mica del doble de este importe para el tejido productivo local,  ya que los bonos suponen el 50% del gasto total que debe hacer cada usuario.  El bono consumo de Benidorm est\u00e1 dirigido a toda la poblaci\u00f3n empadronada mayor de 18 a\u00f1os y se podr\u00e1 consumir entre el 15 y el 31 de diciembre con la vista puesta en las compras de Navidad en el comercio local adherido. El punto ha sido aprobado por unanimidad en el turno de despachos extraordinarios.  <p>M\u00e1s informaci\u00f3n<\/p><figure><img decoding=\"async\" src=\"https:\/\/cadenaser.com\/resizer\/TD8TYmmq8CYO0krlYhbQ6_g32k0=\/650x366\/filters:quality(70)\/cloudfront-eu-central-1.images.arcpublishing.com\/prisaradio\/J2RV4VDB45EFJCSGVT4SSXS4MI.jpg\" loading=\"lazy\" width=\"828\" height=\"621\" \/><\/figure><ul><li><a href=\"https:\/\/cadenaser.com\/comunitat-valenciana\/2023\/11\/24\/el-imserso-desembarca-en-benidorm-y-la-comunitat-valenciana-radio-benidorm\/\">El Imserso desembarca en Benidorm<\/a><\/li><\/ul>  En total la campa\u00f1a entregar\u00e1 2.097.278 euros de los que 657.278 euros corresponden a una subvenci\u00f3n de la Diputaci\u00f3n Provincial de Alicante mientras que los 1.450.000 euros restantes saldr\u00e1n de las arcas municipales.  De ellos, 450.000 euros \u201cvan a ser transferidos de dinero que hay disponible en el Cap\u00edtulo 1 del Presupuesto Municipal, donde se recogen los gastos de personal\u201d, tal y como ha explicado la concejal de Hacienda A\u00edda Garc\u00eda Mayor, que tambi\u00e9n ha matizado que \u201cel otro mill\u00f3n de euros se transferir\u00e1 de este mismo cap\u00edtulo del presupuesto, pero de otras partidas cuya modificaci\u00f3n es competencia directa del alcalde\u201d.  <p><p class=\"tit\"><span>Hora 14 Benidorm (27\/11\/2023)<\/span><\/p> <p class=\"emb\"><\/p><\/p>  Garc\u00eda Mayor enfatiza que Benidorm \u201ces el \u00fanico municipio que inyecta una  importante cantidad de recursos propios en estos bonos consumo, sum\u00e1ndolos a la subvenci\u00f3n concedida por la Diputaci\u00f3n, porque creemos que es una medida muy beneficiosa para los ciudadanos y empresas\u201d, recordando que en la \u00faltima edici\u00f3n el impacto econ\u00f3mico de la misma \u201cse multiplic\u00f3 hasta los 6 millones de euros\u201d.  Impuesto de residuos  Asimismo el pleno tambi\u00e9n ha aprobado otra modificaci\u00f3n presupuestaria por 1,3  millones de euros, procedentes del remanente de Tesorer\u00eda del a\u00f1o pasado, para pagar el nuevo impuesto de residuos aprobado por el Gobierno de Espa\u00f1a (837.316 euros) y para hacer frente a los sobre costes de la factura de la luz en los edificios municipales (536.235 euros).  La edil de Hacienda ha recordado que dichos pagos \u201cson obligatorios\u201d y que el Gobierno ha decidido utilizar el remanente de Tesorer\u00eda \u201cpara no repercutirlos en la ciudadan\u00eda\u201d.  Por otra parte el pleno tambi\u00e9n ha aprobado conceder la Medalla Corporativa al sacerdote Jaume Benaloy y se ha dado cuenta del informes del Consell Jur\u00eddic Consultiu que avala la resoluci\u00f3n del contrato con la empresa de la ORA.  El PSOE trata de impedir el aumento del impuesto de la basura sin \u00e9xito  El equipo de gobierno ha rechazado con los votos de sus 16 concejales populares la propuesta planteada por el PSOE para suspender la modificaci\u00f3n de la ordenanza fiscal que regula la tasa de la basura, que contempla una subida del 72%, y cumplir primero con los compromisos plenarios adquiridos en 2016 y 2018 para redistribuir la tasa entre los que m\u00e1s contaminan sin que afecte a las viviendas.  \u201cBien vale la pena pagarla\u201d y que \u201cal final son 22 c\u00e9ntimos al d\u00eda por hogar\u201d han sido, denuncian los socialistas, las palabras del alcalde Toni P\u00e9rez para justificarlo. ","protected":false},"excerpt":{"rendered":"<p>El gobierno local saca adelante en el pleno dos modificaciones presupuestarias<\/p>\n","protected":false},"author":0,"featured_media":26,"comment_status":"open","ping_status":"open","sticky":false,"template":"","format":"standard","meta":{"_acf_changed":false,"footnotes":""},"categories":[1],"tags":[],"class_list":["post-25","post","type-post","status-publish","format-standard","has-post-thumbnail","hentry","category-sin-categoria"],"acf":{"ser_id":"R3QXQFLL3RB7NHM5ADYFKLWS7Y","ser_url":""},"_links":{"self":[{"href":"https:\/\/serbenidorm.daliisolutions.com\/index.php\/wp-json\/wp\/v2\/posts\/25","targetHints":{"allow":["GET"]}}],"collection":[{"href":"https:\/\/serbenidorm.daliisolutions.com\/index.php\/wp-json\/wp\/v2\/posts"}],"about":[{"href":"https:\/\/serbenidorm.daliisolutions.com\/index.php\/wp-json\/wp\/v2\/types\/post"}],"replies":[{"embeddable":true,"href":"https:\/\/serbenidorm.daliisolutions.com\/index.php\/wp-json\/wp\/v2\/comments?post=25"}],"version-history":[{"count":0,"href":"https:\/\/serbenidorm.daliisolutions.com\/index.php\/wp-json\/wp\/v2\/posts\/25\/revisions"}],"wp:featuredmedia":[{"embeddable":true,"href":"https:\/\/serbenidorm.daliisolutions.com\/index.php\/wp-json\/wp\/v2\/media\/26"}],"wp:attachment":[{"href":"https:\/\/serbenidorm.daliisolutions.com\/index.php\/wp-json\/wp\/v2\/media?parent=25"}],"wp:term":[{"taxonomy":"category","embeddable":true,"href":"https:\/\/serbenidorm.daliisolutions.com\/index.php\/wp-json\/wp\/v2\/categories?post=25"},{"taxonomy":"post_tag","embeddable":true,"href":"https:\/\/serbenidorm.daliisolutions.com\/index.php\/wp-json\/wp\/v2\/tags?post=25"}],"curies":[{"name":"wp","href":"https:\/\/api.w.org\/{rel}","templated":true}]}}