{"id":2507,"date":"2024-02-19T15:13:15","date_gmt":"2024-02-19T14:13:15","guid":{"rendered":"https:\/\/serbenidorm.daliisolutions.com\/index.php\/2024\/02\/19\/benidorm-conmemora-el-dia-de-la-mujer-con-un-actos-ludicos-y-reivindicativos-del-29-de-febrero-al-12-de-marzo\/"},"modified":"2024-02-19T15:13:15","modified_gmt":"2024-02-19T14:13:15","slug":"benidorm-conmemora-el-dia-de-la-mujer-con-un-actos-ludicos-y-reivindicativos-del-29-de-febrero-al-12-de-marzo","status":"publish","type":"post","link":"https:\/\/serbenidorm.daliisolutions.com\/index.php\/2024\/02\/19\/benidorm-conmemora-el-dia-de-la-mujer-con-un-actos-ludicos-y-reivindicativos-del-29-de-febrero-al-12-de-marzo\/","title":{"rendered":"Benidorm conmemora el Dia de la Mujer con un actos l\u00fadicos y reivindicativos del 29 de febrero al 12 de marzo"},"content":{"rendered":"  <p>Benidorm<\/p>   <p>El pr\u00f3ximo 8 de marzo se conmemora el D\u00eda Internacional de la Mujer y, en Benidorm, la Concejal\u00eda de Igualdad ha lanzado un programa de actos l\u00fadicos y reivindicativos que abarca desde el 29 de febrero hasta el 12 de marzo.<\/p>   <p>Habr\u00e1 charlas, talleres, conciertos, exposiciones, recitales, actividades deportivas, manifiestos, comidas de convivencia y la participaci\u00f3n de las mujeres benidorm\u00eds en el XXIII Encuentro de Mujeres de la Marina Baixa que este a\u00f1o se celebra en La Nuc\u00eda.<\/p>   <p><a href=\"https:\/\/cadenaser.com\/2022\/03\/08\/angela-zaragozi-concejal-de-igualdad-las-mujeres-de-benidorm-son-un-ejemplo\/\" target=\"_blank\" rel=\"noopener\">La edil de Igualdad y Bienestar Social, \u00c1ngela Zaragoz\u00ed, <\/a>ha explicado a <a href=\"\/\/radiobenidorm.es\" rel=\"nofollow noopener\" target=\"_blank\">Hoy por Hoy Benidorm <\/a>que la programaci\u00f3n por el D\u00eda de la Mujer \u201ces algo transversal\u201d porque \u201cata\u00f1e a toda la sociedad\u201d y por ello se ha implicado a \u201cdistintas concejal\u00edas y entidades sociales del municipio\u201d.<\/p>   <p>LOS ACTOS<\/p>   <p>As\u00ed, el primero de los actos tendr\u00e1 lugar el pr\u00f3ximo martes, 27 de febrero, a las 18.30 horas en el Sal\u00f3n de Actos de la Casa del Fester, con una conferencia titulada \u2018Mujeres en la Bauhaus\u2019, a cargo de Mari \u00c1ngeles Valdivieso y que viene de la mano de la asociaci\u00f3n Agoraben.<\/p>   <p>La siguiente fecha en el programa ser\u00e1 el 1 de marzo, viernes, con el XXIII Encuentro de Mujeres de la Marina Baixa, que se organiza de manera itinerante y este a\u00f1o tendr\u00e1 lugar en el Auditori de La Nuc\u00eda. En este encuentro habr\u00e1 una merienda y, seguidamente, un mon\u00f3logo, para el que cada una de las poblaciones ha recibido 50 invitaciones para repartir entre las mujeres interesadas.<\/p>   <p>El domingo, 3 de marzo, se desarrollar\u00e1 el concierto por el D\u00eda de la Mujer a cargo de la Societat Musical L\u2019Illa de Benidorm, a las 18 horas, dentro del ciclo \u2018Cultura por la Igualdad\u2019 que organizan conjuntamente ambas concejal\u00edas. Ser\u00e1 en el Auditorio del Centro Cultural de Benidorm, tal y como ha trasladado <a href=\"https:\/\/cadenaser.com\/comunitat-valenciana\/2023\/01\/23\/angela-zaragozi-nacida-en-benidorm-pero-de-verdad-radio-benidorm\/\" target=\"_blank\" rel=\"noopener\">Zaragoz\u00ed<\/a>.<\/p>   <p>Un d\u00eda despu\u00e9s, el lunes 4, se celebrar\u00e1 la charla-taller \u2018Aprende a sentirte mejor\u2019, a cargo de la psic\u00f3loga J\u00e9ssica Sanch\u00eds, a partir de las 10 de la ma\u00f1ana en el Centro Social Jelena.<\/p>   <p>El 5 de marzo, martes, dentro tambi\u00e9n del ciclo \u2018Cultura por la Igualdad\u2019, se inaugurar\u00e1 la exposici\u00f3n de pintura \u2018Poes\u00eda circular\u2019, de Basilia S\u00e1nchez, en el Epai d\u2019Art del Ayuntamiento de Benidorm, a las 11 horas. Esta muestra podr\u00e1 visitarse hasta el 22 de marzo.<\/p>   <p>Un d\u00eda despu\u00e9s, el 6 de marzo, se desarrollar\u00e1n distintas actividades de tem\u00e1tica muy variada. Por un lado, en colaboraci\u00f3n con la Concejal\u00eda de Deportes, se llevar\u00e1 a cabo la campa\u00f1a \u2018Valenta visita tu cole\u2019, impulsada por la Federaci\u00f3n de F\u00fatbol de la Comunitat Valenciana para fomentar la pr\u00e1ctica del f\u00fatbol entre las ni\u00f1as. Igualmente, ese mismo d\u00eda por la tarde se disputar\u00e1 en nuestra ciudad un triangular de f\u00fatbol, denominado \u2018Semana Valenta\u2019, entre las selecci\u00f3n valenciana femenina de f\u00fatbol Sub21 y dos equipos de La Nuc\u00eda y Alicante, para el que todav\u00eda no se ha concretado horario.<\/p>   <p>Igualmente, el 6 de marzo, a las 18 horas, la sala polivalente de la Biblioteca Central acoger\u00e1 la presentaci\u00f3n del libro \u2018Argila i Cal\u00e7\u2019, de Elvira Cambrils, organizada por la Red de Bibliotecas. Y a las 18.30 horas, en el Sal\u00f3n de Actos de la Casa del Fester, se desarrollar\u00e1 el recital de canto y poes\u00eda \u2018Mujeres: grandes alas\u2019, organizado por la Asociaci\u00f3n local de Amas de Casa.<\/p>   <p>Las actividades continuar\u00e1n el jueves, 7 de marzo, con el concierto-conferencia titulado \u2018M\u00fasica y Ciencia\u2019, a cargo de Gema Mart\u00ednez y Mar\u00eda Eugenia Palomares, que tendr\u00e1 lugar a las 19 horas en el Sal\u00f3n de Actos del Ayuntamiento de Benidorm. Este concierto tambi\u00e9n forma parte del ciclo \u2018Cultura por la Igualdad\u2019.<\/p>   <p>El d\u00eda 8, D\u00eda Internacional de la Mujer, el programa comenzar\u00e1 a las 10 de la ma\u00f1ana con la colocaci\u00f3n de la pancarta conmemorativa en el balc\u00f3n del Ayuntamiento. A las 10.30 horas se inaugurar\u00e1 la exposici\u00f3n de pintura al aire libre de las Amas de Casa, en la confluencia de las calles Mart\u00ednez Alejos y Gambo. A las 12 del mediod\u00eda tendr\u00e1 lugar la proyecci\u00f3n del tr\u00e1iler del documental \u2018El peso de la ausencia\u2019, organizado por la asociaci\u00f3n Soroptimist Marina Baixa y que \u201ces un avance de una obra m\u00e1s amplia que aborda la violencia de g\u00e9nero desde el relato de dos afectados por un caso real de violencia de g\u00e9nero\u201d, tal y como ha explicado \u00c1ngela Zaragoz\u00ed. Esta proyecci\u00f3n tendr\u00e1 lugar en el Sal\u00f3n de Actos del Ayuntamiento y contar\u00e1 con un debate posterior, ha agregado la edil.<\/p>   <p>A las 14 horas, la asociaci\u00f3n An\u00e9mona celebrar\u00e1 su tradicional comida de convivencia, mientras que por la tarde, a partir de las 18.30, la sala polivalente de la Biblioteca Central albergar\u00e1 la presentaci\u00f3n de otra obra literaria. En este caso, titulada \u2018M\u00e1s luz: Testimonios de mujeres v\u00edctimas de violencia de g\u00e9nero\u201d, de Rosa Mascarell y Annamaria Parejo.<\/p>   <p>Por \u00faltimo, el lunes, 11 de marzo, se representar\u00e1 la obra \u2018Que nos quiten lo bailao\u2019, a las 19.30 horas, en el Sal\u00f3n de Actos del Ayuntamiento de Benidorm; mientras que el martes, 12 de marzo, a las 18.30 horas, tendr\u00e1 lugar la conferencia \u2018Mujeres y asociacionismo\u2019, en el Centro Social Jos\u00e9 Llorca Llinares.<\/p> ","protected":false},"excerpt":{"rendered":"<p>La edil de Igualdad, \u00c1ngela Zaragoz\u00ed, ha explicado a Hoy por Hoy que conmemorar este d\u00eda \u201ces algo transversal\u201d y que implica a muchas concejal\u00edas y asociaciones<\/p>\n","protected":false},"author":0,"featured_media":2508,"comment_status":"open","ping_status":"open","sticky":false,"template":"","format":"standard","meta":{"_acf_changed":false,"footnotes":""},"categories":[1],"tags":[],"class_list":["post-2507","post","type-post","status-publish","format-standard","has-post-thumbnail","hentry","category-sin-categoria"],"acf":{"ser_id":"XFHZFVAIIJCWHJDTT35S34VIOE","ser_url":"https:\/\/cadenaser.com\/comunitat-valenciana\/2024\/02\/19\/benidorm-conmemora-el-dia-de-la-mujer-con-un-actos-ludicos-y-reivindicativos-del-29-de-febrero-al-12-de-marzo-radio-benidorm\/"},"_links":{"self":[{"href":"https:\/\/serbenidorm.daliisolutions.com\/index.php\/wp-json\/wp\/v2\/posts\/2507","targetHints":{"allow":["GET"]}}],"collection":[{"href":"https:\/\/serbenidorm.daliisolutions.com\/index.php\/wp-json\/wp\/v2\/posts"}],"about":[{"href":"https:\/\/serbenidorm.daliisolutions.com\/index.php\/wp-json\/wp\/v2\/types\/post"}],"replies":[{"embeddable":true,"href":"https:\/\/serbenidorm.daliisolutions.com\/index.php\/wp-json\/wp\/v2\/comments?post=2507"}],"version-history":[{"count":0,"href":"https:\/\/serbenidorm.daliisolutions.com\/index.php\/wp-json\/wp\/v2\/posts\/2507\/revisions"}],"wp:featuredmedia":[{"embeddable":true,"href":"https:\/\/serbenidorm.daliisolutions.com\/index.php\/wp-json\/wp\/v2\/media\/2508"}],"wp:attachment":[{"href":"https:\/\/serbenidorm.daliisolutions.com\/index.php\/wp-json\/wp\/v2\/media?parent=2507"}],"wp:term":[{"taxonomy":"category","embeddable":true,"href":"https:\/\/serbenidorm.daliisolutions.com\/index.php\/wp-json\/wp\/v2\/categories?post=2507"},{"taxonomy":"post_tag","embeddable":true,"href":"https:\/\/serbenidorm.daliisolutions.com\/index.php\/wp-json\/wp\/v2\/tags?post=2507"}],"curies":[{"name":"wp","href":"https:\/\/api.w.org\/{rel}","templated":true}]}}