{"id":2509,"date":"2024-02-19T15:13:18","date_gmt":"2024-02-19T14:13:18","guid":{"rendered":"https:\/\/serbenidorm.daliisolutions.com\/index.php\/2024\/02\/19\/benidorm-desbloquea-definitivamente-la-urbanizacion-del-poligono-industrial\/"},"modified":"2024-02-19T15:13:18","modified_gmt":"2024-02-19T14:13:18","slug":"benidorm-desbloquea-definitivamente-la-urbanizacion-del-poligono-industrial","status":"publish","type":"post","link":"https:\/\/serbenidorm.daliisolutions.com\/index.php\/2024\/02\/19\/benidorm-desbloquea-definitivamente-la-urbanizacion-del-poligono-industrial\/","title":{"rendered":"Benidorm desbloquea definitivamente la urbanizaci\u00f3n del pol\u00edgono industrial"},"content":{"rendered":"  <p>Benidorm<\/p>   <p>El Ayuntamiento de Benidorm ha desbloqueado hoy definitivamente el desarrollo del pol\u00edgono industrial despu\u00e9s de que la Junta de Gobierno  Local haya aprobado el texto del proyecto de urbanizaci\u00f3n y finalizaci\u00f3n de las obras de urbanizaci\u00f3n del sector PP 3\/1 Industrial del Plan General Municipal de Ordenaci\u00f3n.<\/p>   <p>Tambi\u00e9n se ha aprobado el expediente de revisi\u00f3n de precios a aplicar al proyecto de urbanizaci\u00f3n que asciende a 4,7 millones de euros y se ha dado respuesta a las alegaciones presentadas por ocho propietarios de suelo en el sector.<\/p>   <p><a href=\"https:\/\/cadenaser.com\/tag\/benidorm\/a\/\" target=\"_blank\" rel=\"noopener\">El alcalde de Benidorm, Toni P\u00e9rez, ha explicado que las obras se ejecutar\u00e1n \u201cde forma paralela\u201d a las que se est\u00e1n desarrollando para la  creaci\u00f3n del conocido como Vial Discotecas y la gran rotonda de acceso al pol\u00edgono industrial que se iniciaron en mayo de 2023<\/a>.<\/p>   <p>Se encarga de la urbanizaci\u00f3n y terminaci\u00f3n de la obra la mercantil Terra Village Land, la cual ya traslado en su d\u00eda al Ayuntamiento que el  presupuesto para ejecutar los trabajos se hab\u00eda visto incrementado un 80 % respecto a la previsi\u00f3n inicial, que data de 2003, superando ahora los 30 millones de euros.  <\/p>  <p><p>M\u00e1s informaci\u00f3n<\/p><figure><img decoding=\"async\" src=\"https:\/\/cadenaser.com\/resizer\/zYvNJ2ScC2apS0JtqUknYaYDZWE=\/650x366\/filters:quality(70)\/cloudfront-eu-central-1.images.arcpublishing.com\/prisaradio\/ALIUZNXEG5FNLLLEZ32JMRLBNM.jpeg\" loading=\"lazy\" width=\"828\" height=\"621\" \/><\/figure><ul><li><a href=\"https:\/\/cadenaser.com\/comunitat-valenciana\/2024\/02\/16\/la-generalitat-anuncia-14-5-millones-en-cuatro-anos-para-renovar-la-depuradora-de-benidorm-radio-benidorm\/\">La Generalitat anuncia 14, 5 millones en cuatro a\u00f1os para renovar la depuradora de Benidorm<\/a><\/li><\/ul><\/p>   <p>Por ello hab\u00eda solicitado una revisi\u00f3n de previos que, tras contar con  informes favorables de los t\u00e9cnicos municipales,  ha sido aprobada y cifrada en 4,7 millones. Ahora Terra Village Land deber\u00e1 presentar un aval del 7% del importe de las cargas de urbanizaci\u00f3n.<\/p>   <p>P\u00e9rez se reunir\u00e1 con los propietarios de los terrenos, los t\u00e9cnicos y el agente urbanizador para ofrecer detalles de los nuevos proyectos y la  retasaci\u00f3n que la empresa deber\u00e1 presentar dentro de los pr\u00f3ximos tres meses. En dicha cita se abordar\u00e1n tambi\u00e9n los informes del Ministerio de Fomento y la Conselleria de Medio Ambiente sobre la modificaci\u00f3n del trazado de las v\u00edas pecuarias afectadas.<\/p>   <p>Las obras del sector industrial fueron paralizadas por el Ministerio en el a\u00f1o 2010 cuando se encontraban ejecutadas al 66%.<\/p> ","protected":false},"excerpt":{"rendered":"<p>El presupuesto para ejecutar los trabajos se incrementa un 80 % respecto a la previsi\u00f3n inicial de 2003<\/p>\n","protected":false},"author":0,"featured_media":2510,"comment_status":"open","ping_status":"open","sticky":false,"template":"","format":"standard","meta":{"_acf_changed":false,"footnotes":""},"categories":[1],"tags":[],"class_list":["post-2509","post","type-post","status-publish","format-standard","has-post-thumbnail","hentry","category-sin-categoria"],"acf":{"ser_id":"FHSTVQIWDFDNRDNFDTOV3F6JMM","ser_url":"https:\/\/cadenaser.com\/comunitat-valenciana\/2024\/02\/19\/benidorm-desbloquea-definitivamente-la-urbanizacion-del-poligono-industrial-radio-benidorm\/"},"_links":{"self":[{"href":"https:\/\/serbenidorm.daliisolutions.com\/index.php\/wp-json\/wp\/v2\/posts\/2509","targetHints":{"allow":["GET"]}}],"collection":[{"href":"https:\/\/serbenidorm.daliisolutions.com\/index.php\/wp-json\/wp\/v2\/posts"}],"about":[{"href":"https:\/\/serbenidorm.daliisolutions.com\/index.php\/wp-json\/wp\/v2\/types\/post"}],"replies":[{"embeddable":true,"href":"https:\/\/serbenidorm.daliisolutions.com\/index.php\/wp-json\/wp\/v2\/comments?post=2509"}],"version-history":[{"count":0,"href":"https:\/\/serbenidorm.daliisolutions.com\/index.php\/wp-json\/wp\/v2\/posts\/2509\/revisions"}],"wp:featuredmedia":[{"embeddable":true,"href":"https:\/\/serbenidorm.daliisolutions.com\/index.php\/wp-json\/wp\/v2\/media\/2510"}],"wp:attachment":[{"href":"https:\/\/serbenidorm.daliisolutions.com\/index.php\/wp-json\/wp\/v2\/media?parent=2509"}],"wp:term":[{"taxonomy":"category","embeddable":true,"href":"https:\/\/serbenidorm.daliisolutions.com\/index.php\/wp-json\/wp\/v2\/categories?post=2509"},{"taxonomy":"post_tag","embeddable":true,"href":"https:\/\/serbenidorm.daliisolutions.com\/index.php\/wp-json\/wp\/v2\/tags?post=2509"}],"curies":[{"name":"wp","href":"https:\/\/api.w.org\/{rel}","templated":true}]}}