{"id":252,"date":"2023-11-30T14:54:41","date_gmt":"2023-11-30T13:54:41","guid":{"rendered":"https:\/\/serbenidorm.daliisolutions.com\/index.php\/2023\/11\/30\/los-pescadores-de-la-vila-joiosa-vuelven-al-mar-en-mitad-de-una-situacion-limite\/"},"modified":"2023-11-30T14:54:41","modified_gmt":"2023-11-30T13:54:41","slug":"los-pescadores-de-la-vila-joiosa-vuelven-al-mar-en-mitad-de-una-situacion-limite","status":"publish","type":"post","link":"https:\/\/serbenidorm.daliisolutions.com\/index.php\/2023\/11\/30\/los-pescadores-de-la-vila-joiosa-vuelven-al-mar-en-mitad-de-una-situacion-limite\/","title":{"rendered":"Los pescadores de La Vila Joiosa vuelven al mar en mitad de una situaci\u00f3n &#x27;l\u00edmite&#x27;"},"content":{"rendered":" La Vila Joiosa  Tras un a\u00f1o marcado por la continua reducci\u00f3n de d\u00edas laborales, las dificultades para cobrar la prestaci\u00f3n por desempleo y m\u00e1s de un mes seguido sin poder salir a faenar, <a href=\"https:\/\/cadenaser.com\/tag\/vila_joiosa\/a\/\" target=\"_blank\" rel=\"noopener\">la flota pesquera de La Vila Joiosa vuelve al mar este viernes<\/a>.  A pesar de que el recorte de esos d\u00edas laborales no se ha dado de un d\u00eda para otro, s\u00ed que ha sido durante este 2023 cuando el conjunto de la pesca mediterr\u00e1nea ha llegado a su l\u00edmite, seg\u00fan ha lamentado la Cofrad\u00eda de Pescadores vilera.  Desde el a\u00f1o 2020 hasta el momento, la reducci\u00f3n de los d\u00edas de trabajo ha ido en aumento. Este a\u00f1o se ha alcanzado el 30% de inactividad, lo que no solo ha supuesto que armadores y tripulantes frenen su actividad como los a\u00f1os precedentes, sino que tambi\u00e9n, estos \u00faltimos trabajadores en concreto, hayan visto agotada su prestaci\u00f3n por desempleo al no poder generar d\u00edas suficientes para cobrar la misma.  En esta situaci\u00f3n de \u00abincertidumbre\u00bb, el sector sigue con el foco puesto en la pr\u00f3xima reuni\u00f3n del Consejo de Agricultura y Pesca de la Uni\u00f3n Europea en Bruselas por el temor a que se llegue a aplicar la reducci\u00f3n de los d\u00edas de hasta el 40% para 2024 y no para 2025, como pretend\u00eda en un principio el Plan Plurianual del Mediterr\u00e1neo.   <p>M\u00e1s informaci\u00f3n<\/p><figure><img decoding=\"async\" src=\"https:\/\/cadenaser.com\/resizer\/1OkaWdKdw8f9DX7rvyUeYJgsaeo=\/650x366\/filters:quality(70)\/cloudfront-eu-central-1.images.arcpublishing.com\/prisaradio\/QOAJHHBWAZGCVEFCOHVK2JI25Q.jpg\" loading=\"lazy\" width=\"828\" height=\"621\" \/><\/figure><ul><li><a href=\"https:\/\/cadenaser.com\/comunitat-valenciana\/2023\/11\/27\/la-vila-joiosa-ya-tiene-cartel-y-portada-para-sus-moros-y-cristianos-2024-radio-benidorm\/\">La Vila Joiosa ya tiene cartel y portada para sus Moros y Cristianos 2024<\/a><\/li><\/ul>  Esto traducido en meses significa que, de cara al siguiente a\u00f1o, la flota pesquera permanecer\u00e1 amarrada a puerto 4 meses y supone que el escenario padecido durante el \u00faltimo cuatrienio se agrave en su totalidad el pr\u00f3ximo a\u00f1o.  A su vez, esta situaci\u00f3n provoca que cualquier intento por parte de las Cofrad\u00edas y Federaciones de promover el relevo generacional se vea entorpecido, ya que desincentiva a los j\u00f3venes a involucrarse en la pesca y a realizar cursos de formaci\u00f3n para el oficio, pues la sostenibilidad a largo plazo de la actividad pesquera se encuentra amenazada.  Seg\u00fan Miguel Felipe Solbes, Patr\u00f3n Mayor de la Cofrad\u00eda de Pescadores de La Vila: \u2018\u2019El sector pesquero es plenamente consciente de la necesidad de adoptar medidas que favorezcan el medio ambiente y el ecosistema marino, pero tambi\u00e9n necesitamos que desde las Administraciones P\u00fablicas se preserve el futuro socioecon\u00f3mico del sector\u2019\u2019.  <div class=\"hd\"><p>Radio Benidorm<\/p><\/div><div class=\"lst lst-s\"><ul><li><div id=\"player-cadenaser_benidorm_hoyporhoybenidorm_20231130_122000_140000\" class=\"c-pl-a\"><button class=\"bt-pp\" data-audioid=\"cadenaser_benidorm_hoyporhoybenidorm_20231130_122000_140000\" data-type=\"aod\">Play<\/button><\/div><p title=\"Hoy por Hoy Benidorm (30\/11\/2023)\"><span>Hoy por Hoy Benidorm (30\/11\/2023)<\/span><span>01:40:00<!-- -->\u00a0|\u00a0<!-- -->Hoy por Hoy Benidorm<\/span><\/p><\/li><li><div id=\"player-1701347413337\" class=\"c-pl-a\"><button class=\"bt-pp\" data-audioid=\"1701347413337\" data-type=\"aod\">Play<\/button><\/div><p title=\"Vicente Ib\u00e1\u00f1ez presenta &quot;Los nombres sobre la arena&quot;, un libro in\u00e9dito de su t\u00edo Pere Maria Orts y Bosch\"><span>Vicente Ib\u00e1\u00f1ez presenta &quot;Los nombres sobre la arena&quot;, un libro in\u00e9dito de su t\u00edo Pere Maria Orts y Bosch<\/span><span>13:13<!-- -->\u00a0|\u00a0<!-- -->La Ventana de la Marina Baixa<\/span><\/p><\/li><li><div id=\"player-1701336116159\" class=\"c-pl-a\"><button class=\"bt-pp\" data-audioid=\"1701336116159\" data-type=\"aod\">Play<\/button><\/div><p title=\"Fertility Benidorm  nos habla sobre el m\u00e9todo ROPA de fecundaci\u00f3n para parejas de mujeres\"><span>Fertility Benidorm  nos habla sobre el m\u00e9todo ROPA de fecundaci\u00f3n para parejas de mujeres<\/span><span>12:04<!-- -->\u00a0|\u00a0<!-- -->Hoy por Hoy Benidorm<\/span><\/p><\/li><li><div id=\"player-1701335599845\" class=\"c-pl-a\"><button class=\"bt-pp\" data-audioid=\"1701335599845\" data-type=\"aod\">Play<\/button><\/div><p title=\"En nuestra secci\u00f3n sobre Patrimonio Hist\u00f3rico descubrimos los libros m\u00e1s le\u00eddos de la Biblioteca de Benidorm\"><span>En nuestra secci\u00f3n sobre Patrimonio Hist\u00f3rico descubrimos los libros m\u00e1s le\u00eddos de la Biblioteca de Benidorm<\/span><span>26:58<!-- -->\u00a0|\u00a0<!-- -->Hoy por Hoy Benidorm<\/span><\/p><\/li><li><div id=\"player-1701331958288\" class=\"c-pl-a\"><button class=\"bt-pp\" data-audioid=\"1701331958288\" data-type=\"aod\">Play<\/button><\/div><p title=\"El Rotary Club de L&#x27;Alf\u00e0s del Pi organiza un nuevo concierto ben\u00e9fico &quot;Pianissimo&quot;\"><span>El Rotary Club de L&#x27;Alf\u00e0s del Pi organiza un nuevo concierto ben\u00e9fico &quot;Pianissimo&quot;<\/span><span>17:10<!-- -->\u00a0|\u00a0<!-- -->Hoy por Hoy Benidorm<\/span><\/p><\/li><li><div id=\"player-cadenaser_benidorm_hoyporhoymatinalbenidorm_20231130_082000_083000\" class=\"c-pl-a\"><button class=\"bt-pp\" data-audioid=\"cadenaser_benidorm_hoyporhoymatinalbenidorm_20231130_082000_083000\" data-type=\"aod\">Play<\/button><\/div><p title=\"Hoy por Hoy matinal Benidorm 8:20 (30\/11\/2023)\"><span>Hoy por Hoy matinal Benidorm 8:20 (30\/11\/2023)<\/span><span>10:00<!-- -->\u00a0|\u00a0<!-- -->Hoy por Hoy matinal Benidorm<\/span><\/p><\/li><li><div id=\"player-cadenaser_benidorm_hoyporhoymatinalbenidorm_20231130_072000_073000\" class=\"c-pl-a\"><button class=\"bt-pp\" data-audioid=\"cadenaser_benidorm_hoyporhoymatinalbenidorm_20231130_072000_073000\" data-type=\"aod\">Play<\/button><\/div><p title=\"Hoy por Hoy matinal Benidorm 7:20 (30\/11\/2023)\"><span>Hoy por Hoy matinal Benidorm 7:20 (30\/11\/2023)<\/span><span>10:00<!-- -->\u00a0|\u00a0<!-- -->Hoy por Hoy matinal Benidorm<\/span><\/p><\/li><li><div id=\"player-cadenaser_benidorm_laventanadelamarinabaixa_20231129_192000_194000\" class=\"c-pl-a\"><button class=\"bt-pp\" data-audioid=\"cadenaser_benidorm_laventanadelamarinabaixa_20231129_192000_194000\" data-type=\"aod\">Play<\/button><\/div><p title=\"La Ventana de la Marina Baixa (29\/11\/2023)\"><span>La Ventana de la Marina Baixa (29\/11\/2023)<\/span><span>20:00<!-- -->\u00a0|\u00a0<!-- -->La Ventana de la Marina Baixa<\/span><\/p><\/li><li><div id=\"player-cadenaser_benidorm_serdeportivosbenidorm_20231129_152000_160000\" class=\"c-pl-a\"><button class=\"bt-pp\" data-audioid=\"cadenaser_benidorm_serdeportivosbenidorm_20231129_152000_160000\" data-type=\"aod\">Play<\/button><\/div><p title=\"SER Deportivos Benidorm (29\/11\/2023)\"><span>SER Deportivos Benidorm (29\/11\/2023)<\/span><span>40:00<!-- -->\u00a0|\u00a0<!-- -->SER Deportivos Benidorm<\/span><\/p><\/li><li><div id=\"player-1701265566463\" class=\"c-pl-a\"><button class=\"bt-pp\" data-audioid=\"1701265566463\" data-type=\"aod\">Play<\/button><\/div><p title=\"Rovira, conseller de Educaci\u00f3n: &quot;Tras a\u00f1os de abandono, vamos a licitar pronto el nuevo IES Pere Maria Orts&quot;\"><span>Rovira, conseller de Educaci\u00f3n: &quot;Tras a\u00f1os de abandono, vamos a licitar pronto el nuevo IES Pere Maria Orts&quot;<\/span><span>00:15<!-- -->\u00a0|\u00a0<!-- -->Hora 14 Benidorm<\/span><\/p><\/li><li><div id=\"player-cadenaser_benidorm_hora14benidorm_20231129_141700_143000\" class=\"c-pl-a\"><button class=\"bt-pp\" data-audioid=\"cadenaser_benidorm_hora14benidorm_20231129_141700_143000\" data-type=\"aod\">Play<\/button><\/div><p title=\"Hora 14 Benidorm (29\/11\/2023)\"><span>Hora 14 Benidorm (29\/11\/2023)<\/span><span>13:00<!-- -->\u00a0|\u00a0<!-- -->Hora 14 Benidorm<\/span><\/p><\/li><li><div id=\"player-cadenaser_benidorm_hoyporhoybenidorm_20231129_122000_140000\" class=\"c-pl-a\"><button class=\"bt-pp\" data-audioid=\"cadenaser_benidorm_hoyporhoybenidorm_20231129_122000_140000\" data-type=\"aod\">Play<\/button><\/div><p title=\"Hoy por Hoy Benidorm (29\/11\/2023)\"><span>Hoy por Hoy Benidorm (29\/11\/2023)<\/span><span>01:40:00<!-- -->\u00a0|\u00a0<!-- -->Hoy por Hoy Benidorm<\/span><\/p><\/li><li><div id=\"player-1701090079280\" class=\"c-pl-a\"><button class=\"bt-pp\" data-audioid=\"1701090079280\" data-type=\"aod\">Play<\/button><\/div><p title=\"El secreto del punto del arroz con La Arrocer\u00eda de la Mejillonera en Benidorm\"><span>El secreto del punto del arroz con La Arrocer\u00eda de la Mejillonera en Benidorm<\/span><span>13:36<!-- -->\u00a0|\u00a0<!-- -->Hoy por Hoy Benidorm<\/span><\/p><\/li><li><div id=\"player-cadenaser_benidorm_hoyporhoymatinalbenidorm_20231129_082000_083000\" class=\"c-pl-a\"><button class=\"bt-pp\" data-audioid=\"cadenaser_benidorm_hoyporhoymatinalbenidorm_20231129_082000_083000\" data-type=\"aod\">Play<\/button><\/div><p title=\"Hoy por Hoy matinal Benidorm 8:20 (29\/11\/2023)\"><span>Hoy por Hoy matinal Benidorm 8:20 (29\/11\/2023)<\/span><span>10:00<!-- -->\u00a0|\u00a0<!-- -->Hoy por Hoy matinal Benidorm<\/span><\/p><\/li><li><div id=\"player-cadenaser_benidorm_hoyporhoymatinalbenidorm_20231129_072000_073000\" class=\"c-pl-a\"><button class=\"bt-pp\" data-audioid=\"cadenaser_benidorm_hoyporhoymatinalbenidorm_20231129_072000_073000\" data-type=\"aod\">Play<\/button><\/div><p title=\"Hoy por Hoy matinal Benidorm 7:20 (29\/11\/2023)\"><span>Hoy por Hoy matinal Benidorm 7:20 (29\/11\/2023)<\/span><span>10:00<!-- -->\u00a0|\u00a0<!-- -->Hoy por Hoy matinal Benidorm<\/span><\/p><\/li><\/ul><\/div> ","protected":false},"excerpt":{"rendered":"<p>La flota de la localidad lleva m\u00e1s de treinta d\u00edas sin faenar por el par\u00f3n biol\u00f3gico<\/p>\n","protected":false},"author":0,"featured_media":253,"comment_status":"open","ping_status":"open","sticky":false,"template":"","format":"standard","meta":{"_acf_changed":false,"footnotes":""},"categories":[1],"tags":[],"class_list":["post-252","post","type-post","status-publish","format-standard","has-post-thumbnail","hentry","category-sin-categoria"],"acf":{"ser_id":"WQ2DCTQSZZABDD67BXSW2DXPUQ","ser_url":""},"_links":{"self":[{"href":"https:\/\/serbenidorm.daliisolutions.com\/index.php\/wp-json\/wp\/v2\/posts\/252","targetHints":{"allow":["GET"]}}],"collection":[{"href":"https:\/\/serbenidorm.daliisolutions.com\/index.php\/wp-json\/wp\/v2\/posts"}],"about":[{"href":"https:\/\/serbenidorm.daliisolutions.com\/index.php\/wp-json\/wp\/v2\/types\/post"}],"replies":[{"embeddable":true,"href":"https:\/\/serbenidorm.daliisolutions.com\/index.php\/wp-json\/wp\/v2\/comments?post=252"}],"version-history":[{"count":0,"href":"https:\/\/serbenidorm.daliisolutions.com\/index.php\/wp-json\/wp\/v2\/posts\/252\/revisions"}],"wp:featuredmedia":[{"embeddable":true,"href":"https:\/\/serbenidorm.daliisolutions.com\/index.php\/wp-json\/wp\/v2\/media\/253"}],"wp:attachment":[{"href":"https:\/\/serbenidorm.daliisolutions.com\/index.php\/wp-json\/wp\/v2\/media?parent=252"}],"wp:term":[{"taxonomy":"category","embeddable":true,"href":"https:\/\/serbenidorm.daliisolutions.com\/index.php\/wp-json\/wp\/v2\/categories?post=252"},{"taxonomy":"post_tag","embeddable":true,"href":"https:\/\/serbenidorm.daliisolutions.com\/index.php\/wp-json\/wp\/v2\/tags?post=252"}],"curies":[{"name":"wp","href":"https:\/\/api.w.org\/{rel}","templated":true}]}}