{"id":2539,"date":"2024-02-20T17:13:55","date_gmt":"2024-02-20T16:13:55","guid":{"rendered":"https:\/\/serbenidorm.daliisolutions.com\/index.php\/2024\/02\/20\/una-fuga-de-agua-provoca-el-cierre-de-la-sala-infantil-de-la-biblioteca-central-de-benidorm\/"},"modified":"2024-02-20T17:13:55","modified_gmt":"2024-02-20T16:13:55","slug":"una-fuga-de-agua-provoca-el-cierre-de-la-sala-infantil-de-la-biblioteca-central-de-benidorm","status":"publish","type":"post","link":"https:\/\/serbenidorm.daliisolutions.com\/index.php\/2024\/02\/20\/una-fuga-de-agua-provoca-el-cierre-de-la-sala-infantil-de-la-biblioteca-central-de-benidorm\/","title":{"rendered":"Una fuga de agua provoca el cierre de la sala infantil de la Biblioteca Central de Benidorm"},"content":{"rendered":"  <p>Benidorm<\/p>   <p>Una fuga de agua que se ha producido en el piso inmediatamente superior ha provocado que parte del falso techo de escayola de la sala de lectura infantil de la <a href=\"https:\/\/cadenaser.com\/tag\/benidorm\/a\/\" target=\"_blank\" rel=\"noopener\">Biblioteca Central de Benidorm<\/a> se haya ca\u00eddo obligando al cierre de esa instalaci\u00f3n.<\/p>   <p>Seg\u00fan han informado fuentes municipales, la aver\u00eda se habr\u00eda estado produciendo durante el fin de semana y esa acumulaci\u00f3n habr\u00eda terminado provocando ese desprendimiento del falso techo en un momento en el que no hab\u00eda nadie en la sala.<\/p>  <p><p>M\u00e1s informaci\u00f3n<\/p><figure><img decoding=\"async\" src=\"https:\/\/cadenaser.com\/resizer\/0nRxFB-Ooce2qLhMa5qOz7XDYxc=\/650x366\/filters:quality(70)\/cloudfront-eu-central-1.images.arcpublishing.com\/prisaradio\/Y7E3JAQ35BA7LIGTMKG5LZ2M3A.jpg\" loading=\"lazy\" width=\"828\" height=\"621\" \/><\/figure><ul><li><a href=\"https:\/\/cadenaser.com\/comunitat-valenciana\/2024\/02\/19\/benidorm-desbloquea-definitivamente-la-urbanizacion-del-poligono-industrial-radio-benidorm\/\">Benidorm desbloquea definitivamente la urbanizaci\u00f3n del pol\u00edgono industrial<\/a><\/li><\/ul><\/p>   <p>De hecho, fueron los propios trabajadores de la biblioteca municipal los que descubrieron ese problema el lunes a primera hora despu\u00e9s de tratar de acceder a la misma a trav\u00e9s de una puerta que funciona mediante un sistema el\u00e9ctrico y que, debido a esa fuga de agua que podr\u00eda haberse iniciado tan pronto como el viernes, hab\u00eda dejado de funcionar.<\/p>   <p>El resto de la biblioteca sigue abierta<\/p>   <p>Los da\u00f1os materiales afectan \u00fanicamente al \u00e1rea infantil de la biblioteca de la capital tur\u00edstica, caracterizada por su mobiliario de colores y adaptado a los m\u00e1s peque\u00f1os; si bien toda la instalaci\u00f3n se encontraba cerrada en el momento de producirse la ca\u00edda de parte del falso techo y, por lo tanto, no ha habido que lamentar ning\u00fan tipo de da\u00f1o personal entre usuarios o trabajadores.<\/p>   <p>Ahora, los t\u00e9cnicos municipales est\u00e1n valorando la extensi\u00f3n de los da\u00f1os para poder proceder a su reparaci\u00f3n lo antes posible y, de esta manera, reabrir una instalaci\u00f3n que, mientras tanto, permanecer\u00e1 cerrada, si bien el resto de las salas de la biblioteca, incluida la dependencia principal donde se custodian la mayor parte de los fondos bibliogr\u00e1ficos e inform\u00e1ticos, siguen funcionando con normalidad.<\/p> ","protected":false},"excerpt":{"rendered":"<p>El desprendimiento del falso techo tuvo lugar durante el fin de semana con el recinto cerrado<\/p>\n","protected":false},"author":0,"featured_media":2540,"comment_status":"open","ping_status":"open","sticky":false,"template":"","format":"standard","meta":{"_acf_changed":false,"footnotes":""},"categories":[1],"tags":[],"class_list":["post-2539","post","type-post","status-publish","format-standard","has-post-thumbnail","hentry","category-sin-categoria"],"acf":{"ser_id":"WLSNCGJEE5BPBNEYRBULWGVRIE","ser_url":"https:\/\/cadenaser.com\/comunitat-valenciana\/2024\/02\/20\/una-fuga-de-agua-provoca-el-cierre-de-la-sala-infantil-de-la-biblioteca-central-de-benidorm-radio-benidorm\/"},"_links":{"self":[{"href":"https:\/\/serbenidorm.daliisolutions.com\/index.php\/wp-json\/wp\/v2\/posts\/2539","targetHints":{"allow":["GET"]}}],"collection":[{"href":"https:\/\/serbenidorm.daliisolutions.com\/index.php\/wp-json\/wp\/v2\/posts"}],"about":[{"href":"https:\/\/serbenidorm.daliisolutions.com\/index.php\/wp-json\/wp\/v2\/types\/post"}],"replies":[{"embeddable":true,"href":"https:\/\/serbenidorm.daliisolutions.com\/index.php\/wp-json\/wp\/v2\/comments?post=2539"}],"version-history":[{"count":0,"href":"https:\/\/serbenidorm.daliisolutions.com\/index.php\/wp-json\/wp\/v2\/posts\/2539\/revisions"}],"wp:featuredmedia":[{"embeddable":true,"href":"https:\/\/serbenidorm.daliisolutions.com\/index.php\/wp-json\/wp\/v2\/media\/2540"}],"wp:attachment":[{"href":"https:\/\/serbenidorm.daliisolutions.com\/index.php\/wp-json\/wp\/v2\/media?parent=2539"}],"wp:term":[{"taxonomy":"category","embeddable":true,"href":"https:\/\/serbenidorm.daliisolutions.com\/index.php\/wp-json\/wp\/v2\/categories?post=2539"},{"taxonomy":"post_tag","embeddable":true,"href":"https:\/\/serbenidorm.daliisolutions.com\/index.php\/wp-json\/wp\/v2\/tags?post=2539"}],"curies":[{"name":"wp","href":"https:\/\/api.w.org\/{rel}","templated":true}]}}