{"id":254,"date":"2023-11-30T14:54:41","date_gmt":"2023-11-30T13:54:41","guid":{"rendered":"https:\/\/serbenidorm.daliisolutions.com\/index.php\/2023\/11\/30\/benidorm-adjudica-una-nueva-mejora-en-el-moralet-por-medio-millon-de-euros\/"},"modified":"2023-11-30T14:54:41","modified_gmt":"2023-11-30T13:54:41","slug":"benidorm-adjudica-una-nueva-mejora-en-el-moralet-por-medio-millon-de-euros","status":"publish","type":"post","link":"https:\/\/serbenidorm.daliisolutions.com\/index.php\/2023\/11\/30\/benidorm-adjudica-una-nueva-mejora-en-el-moralet-por-medio-millon-de-euros\/","title":{"rendered":"Benidorm adjudica una nueva mejora en El Moralet por medio mill\u00f3n de euros"},"content":{"rendered":" Benidorm  El Ayuntamiento de Benidorm ha aprobado adjudicar una nueva fase del proyecto de mejora de la protecci\u00f3n contra incendios del<a href=\"https:\/\/cadenaser.com\/tag\/benidorm\/a\/\" target=\"_blank\" rel=\"noopener\"> parque de El Moralet<\/a> que consistir\u00e1 en la realizaci\u00f3n de trabajos de reforestaci\u00f3n en una nueva \u00e1rea de 60 hect\u00e1reas y la colocaci\u00f3n de c\u00e1maras de vigilancia.  <p>M\u00e1s informaci\u00f3n<\/p><ul><li><a href=\"https:\/\/cadenaser.com\/comunitat-valenciana\/2023\/11\/29\/educacion-asegura-que-las-obras-del-ies-pere-maria-orts-i-bosch-de-benidorm-empezaran-en-2024-radio-benidorm\/\">Educaci\u00f3n asegura que las obras del IES Pere Mar\u00eda Orts i Bosch de Benidorm empezar\u00e1n en 2024<\/a><\/li><\/ul>  Concretamente se realizar\u00e1n tareas de tareas de poda, clareo y despeje de la vegetaci\u00f3n, para conseguir reducir la combustibilidad de El Moralet y as\u00ed prevenir incendios.  En cuanto a las c\u00e1maras de vigilancia aut\u00f3nomas, alimentadas con energ\u00eda solar, \u00e9stas estar\u00e1n conectadas con la central de Bomberos y contribuir\u00e1n a \u201cblindar la protecci\u00f3n contra incendios de esta zona verde que se ha convertido en un espacio de referencia para los benidormenses y en un lugar clave para la pr\u00e1ctica deportiva y recreativa\u201d tal y como lo ha asegurado el alcalde de Benidorm, Toni P\u00e9rez.  El proyecto supondr\u00e1 una inversi\u00f3n de 499.976 euros financiados al 50% entre Ayuntamiento de Benidorm y los fondos europeos FEDER a trav\u00e9s de la Estrategia de Desarrollo Urbano Sostenible e Integrado (EDUSI). ","protected":false},"excerpt":{"rendered":"<p>Proyecto para prevenir incendios<\/p>\n","protected":false},"author":0,"featured_media":255,"comment_status":"open","ping_status":"open","sticky":false,"template":"","format":"standard","meta":{"_acf_changed":false,"footnotes":""},"categories":[1],"tags":[],"class_list":["post-254","post","type-post","status-publish","format-standard","has-post-thumbnail","hentry","category-sin-categoria"],"acf":{"ser_id":"MFLCUWCBW5C4ZDBJ3PDZRJKCGU","ser_url":""},"_links":{"self":[{"href":"https:\/\/serbenidorm.daliisolutions.com\/index.php\/wp-json\/wp\/v2\/posts\/254","targetHints":{"allow":["GET"]}}],"collection":[{"href":"https:\/\/serbenidorm.daliisolutions.com\/index.php\/wp-json\/wp\/v2\/posts"}],"about":[{"href":"https:\/\/serbenidorm.daliisolutions.com\/index.php\/wp-json\/wp\/v2\/types\/post"}],"replies":[{"embeddable":true,"href":"https:\/\/serbenidorm.daliisolutions.com\/index.php\/wp-json\/wp\/v2\/comments?post=254"}],"version-history":[{"count":0,"href":"https:\/\/serbenidorm.daliisolutions.com\/index.php\/wp-json\/wp\/v2\/posts\/254\/revisions"}],"wp:featuredmedia":[{"embeddable":true,"href":"https:\/\/serbenidorm.daliisolutions.com\/index.php\/wp-json\/wp\/v2\/media\/255"}],"wp:attachment":[{"href":"https:\/\/serbenidorm.daliisolutions.com\/index.php\/wp-json\/wp\/v2\/media?parent=254"}],"wp:term":[{"taxonomy":"category","embeddable":true,"href":"https:\/\/serbenidorm.daliisolutions.com\/index.php\/wp-json\/wp\/v2\/categories?post=254"},{"taxonomy":"post_tag","embeddable":true,"href":"https:\/\/serbenidorm.daliisolutions.com\/index.php\/wp-json\/wp\/v2\/tags?post=254"}],"curies":[{"name":"wp","href":"https:\/\/api.w.org\/{rel}","templated":true}]}}